{"id":34166,"date":"2021-08-16T00:00:53","date_gmt":"2021-08-16T03:00:53","guid":{"rendered":"https:\/\/vocesdebaires.com.ar\/?p=34166"},"modified":"2021-08-15T19:51:11","modified_gmt":"2021-08-15T22:51:11","slug":"recorridasan-nicolas-y-pergamino-juntos-santilli-larreta-carrio-y-pichetto","status":"publish","type":"post","link":"https:\/\/vocesdebaires.com.ar\/index.php\/2021\/08\/16\/recorridasan-nicolas-y-pergamino-juntos-santilli-larreta-carrio-y-pichetto\/","title":{"rendered":"Recorrida:San Nicol\u00e1s y Pergamino juntos, Santilli, Larreta y Carri\u00f3"},"content":{"rendered":"<p>El precandidato a diputado nacional por Juntos, Diego Santilli, recorri\u00f3 el pasado viernes, las localidades de San Nicol\u00e1s y Pergamino junto al jefe de Gobierno Horacio Rodr\u00edguez Larreta, el referente del Peronismo Republicano Miguel \u00c1ngel Pichetto, la l\u00edder de la Coalici\u00f3n C\u00edvica Elisa Carri\u00f3 y los intendentes locales Manuel Passaglia de San Nicol\u00e1s y Javier Mart\u00ednez de Pergamino. All\u00ed conversaron sobre la problem\u00e1tica del sector agropecuario y los peque\u00f1os y medianos empresarios de la provincia.<\/p>\n<p>\u201cHay que terminar con las viejas recetas que destruyeron puestos trabajos y mercados en el mundo; todo mal, hay que potenciarlos y dejarlos crecer\u201d, sostuvo Santilli en declaraciones a medios locales. Sobre el sector de la carne, Santilli expres\u00f3 la necesidad de \u201csacarle la pata de la espalda, dejarlos trabajar, eliminar trabas y generar empleo. Pusieron un cepo, perdimos 180 millones de d\u00f3lares y la carne est\u00e1 m\u00e1s cara. Son viejas recetas que tanto da\u00f1o han hecho al campo y al sector productivo\u201d, defini\u00f3.<\/p>\n<p>A su vez, el jefe de gobierno record\u00f3 que \u201cayudamos mucho al sector gastron\u00f3mico durante la pandemia que han quedado muy golpeados manteniendo sus empleados, les permitimos sacar mesas afueras y hasta cortar calles para que puedan trabajar\u201d, record\u00f3. Sobre las protestas y reclamos habituales en el centro porte\u00f1o, Santilli record\u00f3 que \u201cm\u00e1s del 90% de los cortes no son reclamos al gobierno porte\u00f1o, son reclamos al gobierno nacional, por eso protegemos al que quiere ir y volver de laburar y no permitimos que corten el Metrobus\u201d.<\/p>\n<p>As\u00ed mismo, Larreta a\u00f1adi\u00f3: \u201cel Centro de Monitoreo Urbano y la Polic\u00eda de la Ciudad a cargo de Diego es un ejemplo en el mundo y nos llena de orgullo, siempre se tiene que estar mejor, con mejores polic\u00edas\u201d. Por su parte, Elisa Carri\u00f3 expres\u00f3 sobre los candidatos y el sector agropecuario: \u201ctodos los candidatos de la Coalici\u00f3n C\u00edvica que van en esta lista y acompa\u00f1an a Diego son los que representan al campo argentino. La Argentina y el Banco Central se sostienen gracias al sacrificio del campo argentino y de nuevo se lo est\u00e1n llevando puesto, especialmente a la ganader\u00eda\u201d, se\u00f1al\u00f3.<\/p>\n<p>Miguel \u00c1ngel Pichetto opin\u00f3 sobre la liberaci\u00f3n de presos al inicio de la pandemia: \u201chay que recordar antes de ir a votar, que este gobierno solt\u00f3 4000 presos peligrosos, a los que les preocupa la inseguridad, ac\u00e1 tienen un hombre como Santilli que conoce y sabe c\u00f3mo resolverlo\u201d. Y a\u00f1adi\u00f3: \u201cnosotros tenemos que ir al Congreso a bajar impuestos, no a a subirlos, la gente que trabaja, que produce no banca m\u00e1s que la presi\u00f3n impositiva sea insoportable y encima la candidata Tolosa Paz, sali\u00f3 a decir que van a aumentar m\u00e1s los impuestos.<\/p>\n<p>Tambi\u00e9n, el intendente local Manuel Passaglia sostuvo sobre el trabajo conjunto entre la ciudad de Buenos Aires y San Nicol\u00e1s: \u201chemos resuelto trabajo aprendiendo de los que lograron resolver problemas y de hecho estamos trabajando en que los chicos y chicas tengan programas de educaci\u00f3n y programaci\u00f3n que han sido ya exitosos\u201d. Y a\u00f1adi\u00f3: \u201crecorrimos mucho la ciudad con Diego, con Horacio tambi\u00e9n, nos buscamos defectos para trabajar juntos, Pichetto tiene la claridad y la experiencia que tienen pocos\u201d. Sobre el trabajo conjunto de los \u00faltimos a\u00f1os, Mart\u00ednez sostuvo: \u201ccoincidimos en los mismos valores y objetivos, un pa\u00eds y una provincia con igualdad de oportunidades, equidad e integraci\u00f3n. As\u00ed trabajan hace a\u00f1os Horacio y el Colo en la ciudad de Buenos Aires y as\u00ed trabajamos nosotros ac\u00e1 en Pergamino\u201d, concluy\u00f3.<\/p>\n","protected":false},"excerpt":{"rendered":"<p>El precandidato a diputado nacional por Juntos, Diego Santilli, recorri\u00f3 el pasado viernes, las localidades de San Nicol\u00e1s y Pergamino junto al jefe de Gobierno Horacio Rodr\u00edguez Larreta, el referente del Peronismo Republicano Miguel \u00c1ngel Pichetto, la l\u00edder de la Coalici\u00f3n C\u00edvica Elisa Carri\u00f3 y los intendentes locales Manuel Passaglia de San Nicol\u00e1s y Javier [&hellip;]<\/p>\n","protected":false},"author":3,"featured_media":34167,"comment_status":"open","ping_status":"open","sticky":false,"template":"","format":"standard","meta":{"_et_pb_use_builder":"","_et_pb_old_content":"","_et_gb_content_width":"","footnotes":""},"categories":[34,13],"tags":[],"class_list":["post-34166","post","type-post","status-publish","format-standard","has-post-thumbnail","hentry","category-politica","category-provincia"],"_links":{"self":[{"href":"https:\/\/vocesdebaires.com.ar\/index.php\/wp-json\/wp\/v2\/posts\/34166"}],"collection":[{"href":"https:\/\/vocesdebaires.com.ar\/index.php\/wp-json\/wp\/v2\/posts"}],"about":[{"href":"https:\/\/vocesdebaires.com.ar\/index.php\/wp-json\/wp\/v2\/types\/post"}],"author":[{"embeddable":true,"href":"https:\/\/vocesdebaires.com.ar\/index.php\/wp-json\/wp\/v2\/users\/3"}],"replies":[{"embeddable":true,"href":"https:\/\/vocesdebaires.com.ar\/index.php\/wp-json\/wp\/v2\/comments?post=34166"}],"version-history":[{"count":2,"href":"https:\/\/vocesdebaires.com.ar\/index.php\/wp-json\/wp\/v2\/posts\/34166\/revisions"}],"predecessor-version":[{"id":34169,"href":"https:\/\/vocesdebaires.com.ar\/index.php\/wp-json\/wp\/v2\/posts\/34166\/revisions\/34169"}],"wp:featuredmedia":[{"embeddable":true,"href":"https:\/\/vocesdebaires.com.ar\/index.php\/wp-json\/wp\/v2\/media\/34167"}],"wp:attachment":[{"href":"https:\/\/vocesdebaires.com.ar\/index.php\/wp-json\/wp\/v2\/media?parent=34166"}],"wp:term":[{"taxonomy":"category","embeddable":true,"href":"https:\/\/vocesdebaires.com.ar\/index.php\/wp-json\/wp\/v2\/categories?post=34166"},{"taxonomy":"post_tag","embeddable":true,"href":"https:\/\/vocesdebaires.com.ar\/index.php\/wp-json\/wp\/v2\/tags?post=34166"}],"curies":[{"name":"wp","href":"https:\/\/api.w.org\/{rel}","templated":true}]}}