{"id":34170,"date":"2021-08-16T00:00:48","date_gmt":"2021-08-16T03:00:48","guid":{"rendered":"https:\/\/vocesdebaires.com.ar\/?p=34170"},"modified":"2021-08-15T19:54:26","modified_gmt":"2021-08-15T22:54:26","slug":"florestras-cercar-la-manzana-detienen-a-un-ladron-de-departamento","status":"publish","type":"post","link":"https:\/\/vocesdebaires.com.ar\/index.php\/2021\/08\/16\/florestras-cercar-la-manzana-detienen-a-un-ladron-de-departamento\/","title":{"rendered":"Flores:Tras cercar la manzana detienen a un ladr\u00f3n de departamento"},"content":{"rendered":"<p>El delincuente, de nacionalidad colombiana y de 30 a\u00f1os, escal\u00f3 en horas de la noche hasta un departamento de primer piso en la avenida Carabobo al 400, rompi\u00f3 el vidrio de un ventanal y amenaz\u00f3 a su morador, un ciudadano coreano de 89 a\u00f1os, para que le entregara dinero, y tras conseguir su cometido el ladr\u00f3n escap\u00f3. Por Comando Radioel\u00e9ctrico, personal de la Comisar\u00eda Vecinal 7 C de la Polic\u00eda de la Ciudad se present\u00f3 en el lugar y mientras se convoc\u00f3 al SAME para asistir al residente con una crisis nerviosa, con el apoyo de oficiales de la Divisi\u00f3n Intervenci\u00f3n R\u00e1pida (DIR), se procedi\u00f3 a cercar la zona, en tanto un llamado al 911 refiri\u00f3 que hab\u00eda una persona por los techos de la misma manzana.<\/p>\n<p>En la pesquisa y con el ladr\u00f3n cercado, los polic\u00edas detuvieron al delincuente en el patio de una casa que da a la calle Lautaro al 400, a quien se le incaut\u00f3 unos 6.000 pesos. El detenido qued\u00f3 a disposici\u00f3n del Juzgado Nacional en lo Criminal y Correccional 39, a cargo del doctor Dar\u00edo Osvaldo Bonanno, secretar\u00eda 135 del doctor Marcelo Alberto Muffatti, por robo por escalamiento, privaci\u00f3n ileg\u00edtima de la libertad, coacci\u00f3n y lesiones.<\/p>\n","protected":false},"excerpt":{"rendered":"<p>El delincuente, de nacionalidad colombiana y de 30 a\u00f1os, escal\u00f3 en horas de la noche hasta un departamento de primer piso en la avenida Carabobo al 400, rompi\u00f3 el vidrio de un ventanal y amenaz\u00f3 a su morador, un ciudadano coreano de 89 a\u00f1os, para que le entregara dinero, y tras conseguir su cometido el [&hellip;]<\/p>\n","protected":false},"author":3,"featured_media":34171,"comment_status":"open","ping_status":"open","sticky":false,"template":"","format":"standard","meta":{"_et_pb_use_builder":"","_et_pb_old_content":"","_et_gb_content_width":"","footnotes":""},"categories":[11,32],"tags":[],"class_list":["post-34170","post","type-post","status-publish","format-standard","has-post-thumbnail","hentry","category-ciudad","category-comunas"],"_links":{"self":[{"href":"https:\/\/vocesdebaires.com.ar\/index.php\/wp-json\/wp\/v2\/posts\/34170"}],"collection":[{"href":"https:\/\/vocesdebaires.com.ar\/index.php\/wp-json\/wp\/v2\/posts"}],"about":[{"href":"https:\/\/vocesdebaires.com.ar\/index.php\/wp-json\/wp\/v2\/types\/post"}],"author":[{"embeddable":true,"href":"https:\/\/vocesdebaires.com.ar\/index.php\/wp-json\/wp\/v2\/users\/3"}],"replies":[{"embeddable":true,"href":"https:\/\/vocesdebaires.com.ar\/index.php\/wp-json\/wp\/v2\/comments?post=34170"}],"version-history":[{"count":1,"href":"https:\/\/vocesdebaires.com.ar\/index.php\/wp-json\/wp\/v2\/posts\/34170\/revisions"}],"predecessor-version":[{"id":34172,"href":"https:\/\/vocesdebaires.com.ar\/index.php\/wp-json\/wp\/v2\/posts\/34170\/revisions\/34172"}],"wp:featuredmedia":[{"embeddable":true,"href":"https:\/\/vocesdebaires.com.ar\/index.php\/wp-json\/wp\/v2\/media\/34171"}],"wp:attachment":[{"href":"https:\/\/vocesdebaires.com.ar\/index.php\/wp-json\/wp\/v2\/media?parent=34170"}],"wp:term":[{"taxonomy":"category","embeddable":true,"href":"https:\/\/vocesdebaires.com.ar\/index.php\/wp-json\/wp\/v2\/categories?post=34170"},{"taxonomy":"post_tag","embeddable":true,"href":"https:\/\/vocesdebaires.com.ar\/index.php\/wp-json\/wp\/v2\/tags?post=34170"}],"curies":[{"name":"wp","href":"https:\/\/api.w.org\/{rel}","templated":true}]}}