{"id":34173,"date":"2021-08-16T00:00:14","date_gmt":"2021-08-16T03:00:14","guid":{"rendered":"https:\/\/vocesdebaires.com.ar\/?p=34173"},"modified":"2021-08-15T19:56:57","modified_gmt":"2021-08-15T22:56:57","slug":"palermo-desbaratada-fiesta-clandestina-con-unas-cien-personas","status":"publish","type":"post","link":"https:\/\/vocesdebaires.com.ar\/index.php\/2021\/08\/16\/palermo-desbaratada-fiesta-clandestina-con-unas-cien-personas\/","title":{"rendered":"Palermo: Desbaratada fiesta clandestina con unas cien personas"},"content":{"rendered":"<p>Por disposici\u00f3n de la Fiscal\u00eda Penal, Contravencional y de Faltas N\u00b0 5, a cargo del Dr. Miguel \u00c1ngel Ram\u00f3n Kessler, efectivos de la divisi\u00f3n Operaciones Especiales requeridas por el Ministerio P\u00fablico, dependiente del departamento Contravenciones y Faltas de la Polic\u00eda de la Ciudad, llevaron a cabo una inspecci\u00f3n en un local gastron\u00f3mico de la calle Niceto Vega al 5700, conjuntamente con personal de la divisi\u00f3n Investigaciones Delictivas del CIJ, de la Agencia Gubernamental de Control (AGC), y la Unidad Operativa de Fiscalizaci\u00f3n Integral (UOFI) del Gobierno de la Ciudad de Buenos Aires.<\/p>\n<p>Al ingresar al local, los funcionarios fueron recibidos por las dos encargadas del lugar, constatando que en la planta baja no hab\u00eda comensales, en tanto que al acceder a la planta alta se comprob\u00f3 que all\u00ed se estaba llevando a cabo una fiesta con m\u00fasica a elevado volumen, de la que participaban aproximadamente 100 personas bailando sin respetar protocolos de COVID.<br \/>\nTras consulta, la fiscal\u00eda orden\u00f3 el secuestro de la consola de m\u00fasica, la clausura del establecimiento, y la detenci\u00f3n de las encargadas, dos mujeres de 42 y 43 a\u00f1os, imputadas por infracci\u00f3n a los art\u00edculos 239 y 205 del C\u00f3digo Penal y 129 del C\u00f3digo Contravencional de la Ciudad, en tanto que las personas que participaban de la fiesta fueron notificadas por infracci\u00f3n al art. 205 del C\u00f3digo Penal.<\/p>\n","protected":false},"excerpt":{"rendered":"<p>Por disposici\u00f3n de la Fiscal\u00eda Penal, Contravencional y de Faltas N\u00b0 5, a cargo del Dr. Miguel \u00c1ngel Ram\u00f3n Kessler, efectivos de la divisi\u00f3n Operaciones Especiales requeridas por el Ministerio P\u00fablico, dependiente del departamento Contravenciones y Faltas de la Polic\u00eda de la Ciudad, llevaron a cabo una inspecci\u00f3n en un local gastron\u00f3mico de la calle [&hellip;]<\/p>\n","protected":false},"author":3,"featured_media":34174,"comment_status":"open","ping_status":"open","sticky":false,"template":"","format":"standard","meta":{"_et_pb_use_builder":"","_et_pb_old_content":"","_et_gb_content_width":"","footnotes":""},"categories":[11,32],"tags":[],"class_list":["post-34173","post","type-post","status-publish","format-standard","has-post-thumbnail","hentry","category-ciudad","category-comunas"],"_links":{"self":[{"href":"https:\/\/vocesdebaires.com.ar\/index.php\/wp-json\/wp\/v2\/posts\/34173"}],"collection":[{"href":"https:\/\/vocesdebaires.com.ar\/index.php\/wp-json\/wp\/v2\/posts"}],"about":[{"href":"https:\/\/vocesdebaires.com.ar\/index.php\/wp-json\/wp\/v2\/types\/post"}],"author":[{"embeddable":true,"href":"https:\/\/vocesdebaires.com.ar\/index.php\/wp-json\/wp\/v2\/users\/3"}],"replies":[{"embeddable":true,"href":"https:\/\/vocesdebaires.com.ar\/index.php\/wp-json\/wp\/v2\/comments?post=34173"}],"version-history":[{"count":1,"href":"https:\/\/vocesdebaires.com.ar\/index.php\/wp-json\/wp\/v2\/posts\/34173\/revisions"}],"predecessor-version":[{"id":34175,"href":"https:\/\/vocesdebaires.com.ar\/index.php\/wp-json\/wp\/v2\/posts\/34173\/revisions\/34175"}],"wp:featuredmedia":[{"embeddable":true,"href":"https:\/\/vocesdebaires.com.ar\/index.php\/wp-json\/wp\/v2\/media\/34174"}],"wp:attachment":[{"href":"https:\/\/vocesdebaires.com.ar\/index.php\/wp-json\/wp\/v2\/media?parent=34173"}],"wp:term":[{"taxonomy":"category","embeddable":true,"href":"https:\/\/vocesdebaires.com.ar\/index.php\/wp-json\/wp\/v2\/categories?post=34173"},{"taxonomy":"post_tag","embeddable":true,"href":"https:\/\/vocesdebaires.com.ar\/index.php\/wp-json\/wp\/v2\/tags?post=34173"}],"curies":[{"name":"wp","href":"https:\/\/api.w.org\/{rel}","templated":true}]}}