{"id":34177,"date":"2021-08-16T00:00:56","date_gmt":"2021-08-16T03:00:56","guid":{"rendered":"https:\/\/vocesdebaires.com.ar\/?p=34177"},"modified":"2021-08-15T20:08:57","modified_gmt":"2021-08-15T23:08:57","slug":"santilli-y-larreta-propusieron-bajarle-los-impuestos-a-las-pymes-en-la-provincia","status":"publish","type":"post","link":"https:\/\/vocesdebaires.com.ar\/index.php\/2021\/08\/16\/santilli-y-larreta-propusieron-bajarle-los-impuestos-a-las-pymes-en-la-provincia\/","title":{"rendered":"Santilli y Larreta proponen  bajar  impuestos a Pymes en la Provincia"},"content":{"rendered":"<p>El precandidato a diputado nacional por Juntos, Diego Santilli, recorri\u00f3 el pasado s\u00e1bado junto al jefe de gobierno Horacio Rodr\u00edguez Larreta la localidad de Z\u00e1rate, donde mantuvieron reuniones con los vecinos y comerciantes. All\u00ed Santilli volvi\u00f3 a plantear la problem\u00e1tica de la inseguridad en la provincia: \u201cel vecino no se siente seguro en su casa, ni que hablar si tiene que salir al trabajo u a otras actividades. Nosotros tenemos la decisi\u00f3n pol\u00edtica de enfrentar al delito, a los narcos y a las mafias\u201d, expres\u00f3. Sobre la situaci\u00f3n de las empresas, el precandidato a\u00f1adi\u00f3:<\/p>\n<p>\u201cHay que bajarle la presi\u00f3n impositiva a las pymes, a los comerciantes, a los productores. Para generar empleo necesitamos bajar impuestos\u201d.\u00bbUn tema central para el futuro de nuestros hijos es la educaci\u00f3n. El a\u00f1o y medio sin clases fue un golpe muy duro para el aprendizaje y para todas las familias. Necesitamos que los terciarios, que no est\u00e1n funcionando, vuelvan a normalidad. Otro tema que se viene ahora es la formaci\u00f3n universitaria, que sigue siendo virtual\u00bb, concluy\u00f3 Diego Santilli, que estuvo acompa\u00f1ado tambi\u00e9n por el precandidato a diputado provincial de la segunda secci\u00f3n electoral, Mat\u00edas Ranzini.<\/p>\n<p>Por su parte, Rodr\u00edguez Larreta opin\u00f3 sobre la presencialidad en educaci\u00f3n y el cambio generacional en la pol\u00edtica: \u201cYo creo que es una combinaci\u00f3n virtuosa entre gente joven, con energ\u00eda, que traiga ideas nuevas con una visi\u00f3n nueva de la pol\u00edtica pero tambi\u00e9n con gente de experiencia, creo que esa es la mejor combinaci\u00f3n. Gente que conozca c\u00f3mo funciona el Estado, que tenga experiencia como por ejemplo tiene Diego en un tema tan sensible como la seguridad\u201d, sostuvo.Sobre la virtualidad en las clases, el jefe de gobierno porte\u00f1o expres\u00f3: \u201cEl tema de la educaci\u00f3n es uno donde m\u00e1s diferencias tuvimos con la Provincia. Nosotros nos comprometimos a empezar las clases el 17 de febrero para empezar a recuperar algunos d\u00edas y las clases empezaron. En la Ciudad tenemos clases todos los d\u00edas este a\u00f1o\u201d.<\/p>\n<p>Y se\u00f1al\u00f3: \u201ccuando los contagios aumentaron en marzo, que se arm\u00f3 esta discusi\u00f3n que fue debate nacional, la realidad es que no hubo m\u00e1s contagios en la Ciudad que en la Provincia\u201d. \u00abLa semana que viene vamos a avanzar en la presencialidad de turno completo\u00bb, adelant\u00f3 el Jefe de Gobierno de la Ciudad. Para finalizar, el precandidato a concejal en Z\u00e1rate, Marcelo Matzkin, resalt\u00f3: \u201cLarreta y Santilli nos proponen un modelo que funciona. En el caso de Z\u00e1rate se interiorizaron sobre el tema de la falta de agua y la inseguridad. Estuvimos en una reuni\u00f3n con vecinos donde hubo mucho intercambio de opiniones y fue muy fruct\u00edfera la visita de ellos\u201d.<\/p>\n","protected":false},"excerpt":{"rendered":"<p>El precandidato a diputado nacional por Juntos, Diego Santilli, recorri\u00f3 el pasado s\u00e1bado junto al jefe de gobierno Horacio Rodr\u00edguez Larreta la localidad de Z\u00e1rate, donde mantuvieron reuniones con los vecinos y comerciantes. All\u00ed Santilli volvi\u00f3 a plantear la problem\u00e1tica de la inseguridad en la provincia: \u201cel vecino no se siente seguro en su casa, [&hellip;]<\/p>\n","protected":false},"author":2,"featured_media":34178,"comment_status":"open","ping_status":"open","sticky":false,"template":"","format":"standard","meta":{"_et_pb_use_builder":"","_et_pb_old_content":"","_et_gb_content_width":"","footnotes":""},"categories":[34,13],"tags":[],"class_list":["post-34177","post","type-post","status-publish","format-standard","has-post-thumbnail","hentry","category-politica","category-provincia"],"_links":{"self":[{"href":"https:\/\/vocesdebaires.com.ar\/index.php\/wp-json\/wp\/v2\/posts\/34177"}],"collection":[{"href":"https:\/\/vocesdebaires.com.ar\/index.php\/wp-json\/wp\/v2\/posts"}],"about":[{"href":"https:\/\/vocesdebaires.com.ar\/index.php\/wp-json\/wp\/v2\/types\/post"}],"author":[{"embeddable":true,"href":"https:\/\/vocesdebaires.com.ar\/index.php\/wp-json\/wp\/v2\/users\/2"}],"replies":[{"embeddable":true,"href":"https:\/\/vocesdebaires.com.ar\/index.php\/wp-json\/wp\/v2\/comments?post=34177"}],"version-history":[{"count":3,"href":"https:\/\/vocesdebaires.com.ar\/index.php\/wp-json\/wp\/v2\/posts\/34177\/revisions"}],"predecessor-version":[{"id":34181,"href":"https:\/\/vocesdebaires.com.ar\/index.php\/wp-json\/wp\/v2\/posts\/34177\/revisions\/34181"}],"wp:featuredmedia":[{"embeddable":true,"href":"https:\/\/vocesdebaires.com.ar\/index.php\/wp-json\/wp\/v2\/media\/34178"}],"wp:attachment":[{"href":"https:\/\/vocesdebaires.com.ar\/index.php\/wp-json\/wp\/v2\/media?parent=34177"}],"wp:term":[{"taxonomy":"category","embeddable":true,"href":"https:\/\/vocesdebaires.com.ar\/index.php\/wp-json\/wp\/v2\/categories?post=34177"},{"taxonomy":"post_tag","embeddable":true,"href":"https:\/\/vocesdebaires.com.ar\/index.php\/wp-json\/wp\/v2\/tags?post=34177"}],"curies":[{"name":"wp","href":"https:\/\/api.w.org\/{rel}","templated":true}]}}