{"id":3418,"date":"2019-02-13T03:00:00","date_gmt":"2019-02-13T06:00:00","guid":{"rendered":"http:\/\/vocesdebaires.com.ar\/wordpress\/index.php\/2019\/02\/13\/entre-rios-financiamiento-a-proyectos-ambientales\/"},"modified":"2019-02-13T03:00:00","modified_gmt":"2019-02-13T06:00:00","slug":"entre-rios-financiamiento-a-proyectos-ambientales","status":"publish","type":"post","link":"https:\/\/vocesdebaires.com.ar\/index.php\/2019\/02\/13\/entre-rios-financiamiento-a-proyectos-ambientales\/","title":{"rendered":"Entre R\u00edos: Financiamiento a proyectos ambientales"},"content":{"rendered":"<p>En el marco de la visita del Secretario de Gobierno de Ambiente y Desarrollo Sustentable de la Naci\u00f3n, Sergio Bergman, a la provincia de Entre R\u00edos, el funcionario nacional junto con el gobernador Gustavo Bordet encabezaron la entrega de certificados a organizaciones de la sociedad civil correspondientes al Programa de Peque\u00f1as Donaciones. A trav\u00e9s de la iniciativa que apoya acciones comunitarias con impacto ambiental positivo, distintas organizaciones civiles entrerrianas obtendr\u00e1n asistencia financiera por casi 3 millones de pesos para el desarrollo de sus proyectos.<\/p>\n<p>Con respecto al Programa Peque\u00f1as Donaciones, Bergman afirm\u00f3 que se desarrolla &quot;con la idea de transparencia\u201d. El proyecto apunta a una \u201cparticipaci\u00f3n abierta con la posibilidad de que la sociedad civil sea protagonista de lo que terminan siendo pol\u00edticas p\u00fablicas y, fundamentalmente, cuenta con la validaci\u00f3n de los mismos pares&quot;, subray\u00f3 el titular del organismo nacional de Ambiente. Asimismo, el Secretario de Gobierno destac\u00f3 el trabajo que la Naci\u00f3n lleva adelante con las provincias en materia ambiental: \u201cEl Consejo Federal de Medio Ambiente (COFEMA), del que la Secretar\u00eda de Ambiente de Entre R\u00edos forma parte, es un \u00e1mbito para trabajar de manera articulada y respetando las autonom\u00edas provinciales&quot;.<\/p>\n<p>Por su parte, Bordet se\u00f1al\u00f3: &quot;Se trata de articular esfuerzos, de trabajar en un mismo sentido y encontrar respuestas a situaciones que se plantean de manera cotidiana y de las cuales hay que ir un paso m\u00e1s adelante\u201d. \u201cEntre R\u00edos es una provincia que tiene una gran biodiversidad y tenemos un profundo compromiso con nuestro ambiente y la responsabilidad de encontrar puntos de equilibrio, pero fundamentalmente de preservar para las generaciones futuras nuestros ecosistemas&quot;, remarc\u00f3 el gobernador.  Por \u00faltimo, el mandatario provincial agradeci\u00f3 a Bergman la visita a la provincia, remarc\u00f3 &quot;el trabajo que se realiz\u00f3 durante estos a\u00f1os\u201d y record\u00f3 que desde la Naci\u00f3n\u00a0 &quot;se tomaron medidas importantes como el monitoreo sobre el r\u00edo Uruguay, entre otras propuestas\u201d.<\/p>\n<p>Del acto participaron tambi\u00e9n el intendente de Rosario del Tala, Hugo Pitura; la diputada nacional Alicia Fregonese; el senador provincial H\u00e9ctor Blanco; los diputados Ricardo Troncoso y Joaqu\u00edn La Madrid; por parte del Gobierno provincial el ministro de Econom\u00eda, Hugo Ballay; el secretario de Hacienda, Gustavo Labriola; y el subsecretario de Ambiente, Lucio Amavet, y el coordinador nacional del Programa Peque\u00f1as Donaciones, Francisco L\u00f3pez Sastre.<\/p>\n<p>Peque\u00f1as donaciones<\/p>\n<p>Cabe indicar que el Programa de Peque\u00f1as Donaciones, implementado por el Programa de las Naciones Unidas para el Desarrollo (PNUD), apoya actividades de las organizaciones no gubernamentales y las de base comunitaria de los pa\u00edses en desarrollo en \u00e1reas identificadas por el Fondo para el Medio Ambiente Mundial\u00a0 (FMAM). La Secretar\u00eda de Ambiente forma parte del Comit\u00e9 Directivo Nacional de la iniciativa que proporciona soporte financiero y t\u00e9cnico a proyectos que conservan y restauran el ambiente, al tiempo que mejoran el bienestar y los medios de subsistencia de las personas. Los proyectos contienen la visi\u00f3n integral de los Objetivos del Desarrollo Sostenible de la Agenda 2030 con triple impacto: humano, ambiental y econ\u00f3mico.<\/p>\n<p>Los ganadores de Entre R\u00edos fueron: la Asociaci\u00f3n Civil Gaset\u00ed Gaz\u00fan, de Rosario del Tala, cuyo proyecto consiste en la construcci\u00f3n de una escuela sustentable; la Asociaci\u00f3n Civil de Diagn\u00f3stico y Tratamiento de las Adicciones Del Prado, junto con la Facultad de Ciencias de la Salud (UNER), de Concepci\u00f3n del Uruguay, cuyo objetivo es la construcci\u00f3n de equipos simples y econ\u00f3micos basados en el aprovechamiento de la energ\u00eda solar; y la Asociaci\u00f3n Educacionista La Fraternidad, junto con la Universidad de Concepci\u00f3n del Uruguay, que apunta a la valorizaci\u00f3n del humedal de la Isla del Puerto mediante la construcci\u00f3n de la infraestructura para la reserva natural y la restauraci\u00f3n del ambiente natural.<\/p>\n","protected":false},"excerpt":{"rendered":"<p>En el marco de la visita del Secretario de Gobierno de Ambiente y Desarrollo Sustentable de la Naci\u00f3n, Sergio Bergman, a la provincia de Entre R\u00edos, el funcionario nacional junto con el gobernador Gustavo Bordet encabezaron la entrega de certificados a organizaciones de la sociedad civil correspondientes al Programa de Peque\u00f1as Donaciones. A trav\u00e9s de [&hellip;]<\/p>\n","protected":false},"author":1,"featured_media":3419,"comment_status":"open","ping_status":"open","sticky":false,"template":"","format":"standard","meta":{"_et_pb_use_builder":"","_et_pb_old_content":"","_et_gb_content_width":"","footnotes":""},"categories":[34,13],"tags":[],"class_list":["post-3418","post","type-post","status-publish","format-standard","has-post-thumbnail","hentry","category-politica","category-provincia"],"_links":{"self":[{"href":"https:\/\/vocesdebaires.com.ar\/index.php\/wp-json\/wp\/v2\/posts\/3418"}],"collection":[{"href":"https:\/\/vocesdebaires.com.ar\/index.php\/wp-json\/wp\/v2\/posts"}],"about":[{"href":"https:\/\/vocesdebaires.com.ar\/index.php\/wp-json\/wp\/v2\/types\/post"}],"author":[{"embeddable":true,"href":"https:\/\/vocesdebaires.com.ar\/index.php\/wp-json\/wp\/v2\/users\/1"}],"replies":[{"embeddable":true,"href":"https:\/\/vocesdebaires.com.ar\/index.php\/wp-json\/wp\/v2\/comments?post=3418"}],"version-history":[{"count":0,"href":"https:\/\/vocesdebaires.com.ar\/index.php\/wp-json\/wp\/v2\/posts\/3418\/revisions"}],"wp:featuredmedia":[{"embeddable":true,"href":"https:\/\/vocesdebaires.com.ar\/index.php\/wp-json\/wp\/v2\/media\/3419"}],"wp:attachment":[{"href":"https:\/\/vocesdebaires.com.ar\/index.php\/wp-json\/wp\/v2\/media?parent=3418"}],"wp:term":[{"taxonomy":"category","embeddable":true,"href":"https:\/\/vocesdebaires.com.ar\/index.php\/wp-json\/wp\/v2\/categories?post=3418"},{"taxonomy":"post_tag","embeddable":true,"href":"https:\/\/vocesdebaires.com.ar\/index.php\/wp-json\/wp\/v2\/tags?post=3418"}],"curies":[{"name":"wp","href":"https:\/\/api.w.org\/{rel}","templated":true}]}}