{"id":34189,"date":"2021-08-17T00:00:27","date_gmt":"2021-08-17T03:00:27","guid":{"rendered":"https:\/\/vocesdebaires.com.ar\/?p=34189"},"modified":"2021-08-16T23:43:06","modified_gmt":"2021-08-17T02:43:06","slug":"ciudaddetuvieron-a-cuatro-ladrones-de-comercios-en-caballito","status":"publish","type":"post","link":"https:\/\/vocesdebaires.com.ar\/index.php\/2021\/08\/17\/ciudaddetuvieron-a-cuatro-ladrones-de-comercios-en-caballito\/","title":{"rendered":"Ciudad:Detuvieron a cuatro ladrones de comercios en Caballito"},"content":{"rendered":"<p>Personal de la Comisar\u00eda Vecinal 6 B de la Polic\u00eda de la Ciudad, que se encontraba en tareas de despliegue territorial, observ\u00f3 a cuatro personas que intentaban forzar persianas de comercios y garajes para ingresar a robar sobre la avenida Del Barco Centenera al 300.Los efectivos les dieron la voz de alto y demoraron a los implicados, todos hombres de nacionalidad argentina de 39, 20, 19 y 18 a\u00f1os. Al consultar con el Juzgado Criminal y Correccional N\u00famero 30, a cargo del doctor Rabbione y ante la Secretar\u00eda 164, se dispuso la detenci\u00f3n y el traslado de los imputados a la Alcaid\u00eda de la zona de la Polic\u00eda de la Ciudad por \u00abTentativa de robo\u00bb.<\/p>\n","protected":false},"excerpt":{"rendered":"<p>Personal de la Comisar\u00eda Vecinal 6 B de la Polic\u00eda de la Ciudad, que se encontraba en tareas de despliegue territorial, observ\u00f3 a cuatro personas que intentaban forzar persianas de comercios y garajes para ingresar a robar sobre la avenida Del Barco Centenera al 300.Los efectivos les dieron la voz de alto y demoraron a [&hellip;]<\/p>\n","protected":false},"author":3,"featured_media":34190,"comment_status":"open","ping_status":"open","sticky":false,"template":"","format":"standard","meta":{"_et_pb_use_builder":"","_et_pb_old_content":"","_et_gb_content_width":"","footnotes":""},"categories":[11,32],"tags":[],"class_list":["post-34189","post","type-post","status-publish","format-standard","has-post-thumbnail","hentry","category-ciudad","category-comunas"],"_links":{"self":[{"href":"https:\/\/vocesdebaires.com.ar\/index.php\/wp-json\/wp\/v2\/posts\/34189"}],"collection":[{"href":"https:\/\/vocesdebaires.com.ar\/index.php\/wp-json\/wp\/v2\/posts"}],"about":[{"href":"https:\/\/vocesdebaires.com.ar\/index.php\/wp-json\/wp\/v2\/types\/post"}],"author":[{"embeddable":true,"href":"https:\/\/vocesdebaires.com.ar\/index.php\/wp-json\/wp\/v2\/users\/3"}],"replies":[{"embeddable":true,"href":"https:\/\/vocesdebaires.com.ar\/index.php\/wp-json\/wp\/v2\/comments?post=34189"}],"version-history":[{"count":1,"href":"https:\/\/vocesdebaires.com.ar\/index.php\/wp-json\/wp\/v2\/posts\/34189\/revisions"}],"predecessor-version":[{"id":34191,"href":"https:\/\/vocesdebaires.com.ar\/index.php\/wp-json\/wp\/v2\/posts\/34189\/revisions\/34191"}],"wp:featuredmedia":[{"embeddable":true,"href":"https:\/\/vocesdebaires.com.ar\/index.php\/wp-json\/wp\/v2\/media\/34190"}],"wp:attachment":[{"href":"https:\/\/vocesdebaires.com.ar\/index.php\/wp-json\/wp\/v2\/media?parent=34189"}],"wp:term":[{"taxonomy":"category","embeddable":true,"href":"https:\/\/vocesdebaires.com.ar\/index.php\/wp-json\/wp\/v2\/categories?post=34189"},{"taxonomy":"post_tag","embeddable":true,"href":"https:\/\/vocesdebaires.com.ar\/index.php\/wp-json\/wp\/v2\/tags?post=34189"}],"curies":[{"name":"wp","href":"https:\/\/api.w.org\/{rel}","templated":true}]}}