{"id":34192,"date":"2021-08-17T00:00:12","date_gmt":"2021-08-17T03:00:12","guid":{"rendered":"https:\/\/vocesdebaires.com.ar\/?p=34192"},"modified":"2021-08-16T23:46:22","modified_gmt":"2021-08-17T02:46:22","slug":"mediante-el-accionar-del-anillo-digitalfue-detenido-un-delincuente","status":"publish","type":"post","link":"https:\/\/vocesdebaires.com.ar\/index.php\/2021\/08\/17\/mediante-el-accionar-del-anillo-digitalfue-detenido-un-delincuente\/","title":{"rendered":"Mediante el accionar del Anillo Digital,fue detenido un delincuente"},"content":{"rendered":"<p>Uno de los p\u00f3rticos de lectoras de patentes de la avenida Del Libertador detect\u00f3 d\u00edas atr\u00e1s a un Ford Fiesta Kinetic de color azul que ten\u00eda un pedido de alerta luego de haberse cometido un il\u00edcito.Fue as\u00ed como los operadores realizaron un seguimiento en tiempo real desplaz\u00e1ndose la Divisi\u00f3n Anillo Digital de inmediato para capturarlo. Luego de una persecuci\u00f3n, el delincuente ingres\u00f3 a Provincia de Buenos Aires por calle 25 de Mayo y retorn\u00f3 a la avenida General Paz en contramano, momento en que pierde el control e impacta contra un poste de sem\u00e1foro.<\/p>\n<p>All\u00ed, el hombre fue reducido por los oficiales y en presencia de testigos se procedi\u00f3 a requisar el autom\u00f3vil, encontrando las tres billeteras que hab\u00eda robado en la estaci\u00f3n de servicio Shell con los 300 pesos sustra\u00eddos, una gorra con visera bord\u00f3 y una pistola de silicona que las utiliz\u00f3 en el momento de cometer el il\u00edcito. Se comunic\u00f3 con el Juzgado N\u00famero 29, Secretar\u00eda 152, a cargo del doctor Federico Laderach, quien dispuso la detenci\u00f3n y traslado del delincuente a la Comisar\u00eda Vecinal 11 B, adem\u00e1s del secuestro del rodado y las pertenencias halladas.<\/p>\n","protected":false},"excerpt":{"rendered":"<p>Uno de los p\u00f3rticos de lectoras de patentes de la avenida Del Libertador detect\u00f3 d\u00edas atr\u00e1s a un Ford Fiesta Kinetic de color azul que ten\u00eda un pedido de alerta luego de haberse cometido un il\u00edcito.Fue as\u00ed como los operadores realizaron un seguimiento en tiempo real desplaz\u00e1ndose la Divisi\u00f3n Anillo Digital de inmediato para capturarlo. [&hellip;]<\/p>\n","protected":false},"author":3,"featured_media":34193,"comment_status":"open","ping_status":"open","sticky":false,"template":"","format":"standard","meta":{"_et_pb_use_builder":"","_et_pb_old_content":"","_et_gb_content_width":"","footnotes":""},"categories":[11,32],"tags":[],"class_list":["post-34192","post","type-post","status-publish","format-standard","has-post-thumbnail","hentry","category-ciudad","category-comunas"],"_links":{"self":[{"href":"https:\/\/vocesdebaires.com.ar\/index.php\/wp-json\/wp\/v2\/posts\/34192"}],"collection":[{"href":"https:\/\/vocesdebaires.com.ar\/index.php\/wp-json\/wp\/v2\/posts"}],"about":[{"href":"https:\/\/vocesdebaires.com.ar\/index.php\/wp-json\/wp\/v2\/types\/post"}],"author":[{"embeddable":true,"href":"https:\/\/vocesdebaires.com.ar\/index.php\/wp-json\/wp\/v2\/users\/3"}],"replies":[{"embeddable":true,"href":"https:\/\/vocesdebaires.com.ar\/index.php\/wp-json\/wp\/v2\/comments?post=34192"}],"version-history":[{"count":1,"href":"https:\/\/vocesdebaires.com.ar\/index.php\/wp-json\/wp\/v2\/posts\/34192\/revisions"}],"predecessor-version":[{"id":34194,"href":"https:\/\/vocesdebaires.com.ar\/index.php\/wp-json\/wp\/v2\/posts\/34192\/revisions\/34194"}],"wp:featuredmedia":[{"embeddable":true,"href":"https:\/\/vocesdebaires.com.ar\/index.php\/wp-json\/wp\/v2\/media\/34193"}],"wp:attachment":[{"href":"https:\/\/vocesdebaires.com.ar\/index.php\/wp-json\/wp\/v2\/media?parent=34192"}],"wp:term":[{"taxonomy":"category","embeddable":true,"href":"https:\/\/vocesdebaires.com.ar\/index.php\/wp-json\/wp\/v2\/categories?post=34192"},{"taxonomy":"post_tag","embeddable":true,"href":"https:\/\/vocesdebaires.com.ar\/index.php\/wp-json\/wp\/v2\/tags?post=34192"}],"curies":[{"name":"wp","href":"https:\/\/api.w.org\/{rel}","templated":true}]}}