{"id":34203,"date":"2021-08-17T00:00:22","date_gmt":"2021-08-17T03:00:22","guid":{"rendered":"https:\/\/vocesdebaires.com.ar\/?p=34203"},"modified":"2021-08-16T23:56:04","modified_gmt":"2021-08-17T02:56:04","slug":"santilli-visito-escobar-y-charlo-con-vecinos-junto-a-roberto-costa","status":"publish","type":"post","link":"https:\/\/vocesdebaires.com.ar\/index.php\/2021\/08\/17\/santilli-visito-escobar-y-charlo-con-vecinos-junto-a-roberto-costa\/","title":{"rendered":"Santilli: Visit\u00f3 Escobar y charl\u00f3 con vecinos junto a Roberto Costa"},"content":{"rendered":"<p>El precandidato a diputado nacional por Juntos Diego Santilli visit\u00f3 Escobar ayer lunes y charl\u00f3 con vecinos junto al 1\u00b0 candidato a concejal, Roberto Costa. En el encuentro surgi\u00f3 la preocupaci\u00f3n que existe entre los bonaerenses por la p\u00e9rdida de d\u00edas de clases presenciales y el futuro de la educaci\u00f3n en la Provincia. \u00abEn la provincia tuvimos un a\u00f1o y medio sin clases. Es un horror. Es imperdonable.<\/p>\n<p>Lo que hay que hacer es r\u00e1pidamente reconstituir las pruebas Aprender para saber que nos dej\u00f3 la pandemia, tener un diagn\u00f3stico para mejorar, porque el tiempo perdido no lo podemos recuperar. Y sobre todo, tenemos que mejorar e incorporar nuevos contenidos en todo el aprendizaje\u00bb, explic\u00f3 Santilli durante la conversaci\u00f3n. \u00abEn la Provincia\u00a0 agreg\u00f3\u00a0 hay m\u00e1s de 270 mil chicos que abandonaron o no se conectaron con la escuela. Hay que ir a buscarlos, si no estamos generando un desastre para el futuro, una pandemia educativa. Es que lo que hay que abordar para que haya futuro\u00bb.<\/p>\n<p>Por otra parte, los vecinos tambi\u00e9n le solicitaron a los dirigentes de Juntos que se \u201clos ayuden\u201d porque Escobar est\u00e1 \u201ccada vez m\u00e1s insegura\u201d. Al respecto, Santilli consider\u00f3 que \u201cel abordaje de la seguridad es la libertad. Es poder desenvolverte en la vida sin tener miedo de que te pase algo\u201d. \u201cY nosotros hemos hecho un trabajo muy profundo en t\u00e9rminos de seguridad. Muy profundo donde sabemos d\u00f3nde est\u00e1 cada polic\u00eda, sabemos d\u00f3nde est\u00e1 cada patrullero, sabemos d\u00f3nde est\u00e1 cada camioneta y cada moto. Sabemos lo qu\u00e9 est\u00e1n haciendo y hay un sistema que controla toda esta operaci\u00f3n\u201d, continu\u00f3.<\/p>\n<p>\u201cHay que invertir la carga. El que tiene que tener miedo es el delincuente. Y hay que trabajar y proteger a los ciudadanos, proteger a las v\u00edctimas. Y poner a disposici\u00f3n de la justicia a los delincuentes, que es la que los tiene que condenar y con pruebas, porque vos ten\u00e9s c\u00e1maras, ten\u00e9s im\u00e1genes, ten\u00e9s video. Yo quiero llevar eso adelante para la provincia y s\u00e9 que lo puedo hacer. S\u00e9 que lo podemos hacer porque ya lo hemos hecho y funciona en la Ciudad\u201d, complet\u00f3. Para finalizar el encuentro, Roberto Costa asegur\u00f3: \u201cPara nosotros es un lujo tenerlo a Diego (Santilli) de candidato, porque es verdaderamente nuestro estandarte.<\/p>\n<p>Es quien lleva adelante la bandera de un equipo impresionante que ha transformado a la Ciudad de Buenos Aires. Porque hoy volvemos a sentir el orgullo por Buenos Aires, y la comparamos con cualquier otra capital del mundo. Pero hace veinte a\u00f1os atr\u00e1s o doce a\u00f1os atr\u00e1s no pasaba lo mismo, entonces, ese ejemplo queremos tomar. Cuando fuimos a visitar el centro de monitoreo me qued\u00e9 admirado de lo que realmente ha generado \u00e9l con su trabajo. Y bueno, si bien la Provincia, es mucho m\u00e1s compleja tambi\u00e9n lo vamos a poder hacer. Yo estoy re confiado, tengo todas mis expectativas en lo que puede hacer este Colo, que por m\u00e1s que sea de River nos llevamos bastante bien\u201d.<\/p>\n","protected":false},"excerpt":{"rendered":"<p>El precandidato a diputado nacional por Juntos Diego Santilli visit\u00f3 Escobar ayer lunes y charl\u00f3 con vecinos junto al 1\u00b0 candidato a concejal, Roberto Costa. En el encuentro surgi\u00f3 la preocupaci\u00f3n que existe entre los bonaerenses por la p\u00e9rdida de d\u00edas de clases presenciales y el futuro de la educaci\u00f3n en la Provincia. \u00abEn la [&hellip;]<\/p>\n","protected":false},"author":2,"featured_media":34204,"comment_status":"open","ping_status":"open","sticky":false,"template":"","format":"standard","meta":{"_et_pb_use_builder":"","_et_pb_old_content":"","_et_gb_content_width":"","footnotes":""},"categories":[34,13],"tags":[],"class_list":["post-34203","post","type-post","status-publish","format-standard","has-post-thumbnail","hentry","category-politica","category-provincia"],"_links":{"self":[{"href":"https:\/\/vocesdebaires.com.ar\/index.php\/wp-json\/wp\/v2\/posts\/34203"}],"collection":[{"href":"https:\/\/vocesdebaires.com.ar\/index.php\/wp-json\/wp\/v2\/posts"}],"about":[{"href":"https:\/\/vocesdebaires.com.ar\/index.php\/wp-json\/wp\/v2\/types\/post"}],"author":[{"embeddable":true,"href":"https:\/\/vocesdebaires.com.ar\/index.php\/wp-json\/wp\/v2\/users\/2"}],"replies":[{"embeddable":true,"href":"https:\/\/vocesdebaires.com.ar\/index.php\/wp-json\/wp\/v2\/comments?post=34203"}],"version-history":[{"count":1,"href":"https:\/\/vocesdebaires.com.ar\/index.php\/wp-json\/wp\/v2\/posts\/34203\/revisions"}],"predecessor-version":[{"id":34205,"href":"https:\/\/vocesdebaires.com.ar\/index.php\/wp-json\/wp\/v2\/posts\/34203\/revisions\/34205"}],"wp:featuredmedia":[{"embeddable":true,"href":"https:\/\/vocesdebaires.com.ar\/index.php\/wp-json\/wp\/v2\/media\/34204"}],"wp:attachment":[{"href":"https:\/\/vocesdebaires.com.ar\/index.php\/wp-json\/wp\/v2\/media?parent=34203"}],"wp:term":[{"taxonomy":"category","embeddable":true,"href":"https:\/\/vocesdebaires.com.ar\/index.php\/wp-json\/wp\/v2\/categories?post=34203"},{"taxonomy":"post_tag","embeddable":true,"href":"https:\/\/vocesdebaires.com.ar\/index.php\/wp-json\/wp\/v2\/tags?post=34203"}],"curies":[{"name":"wp","href":"https:\/\/api.w.org\/{rel}","templated":true}]}}