{"id":34208,"date":"2021-08-18T00:07:32","date_gmt":"2021-08-18T03:07:32","guid":{"rendered":"https:\/\/vocesdebaires.com.ar\/?p=34208"},"modified":"2021-08-18T00:07:32","modified_gmt":"2021-08-18T03:07:32","slug":"acto-oficialaniversario-del-paso-a-la-inmortalidad-del-gral-san-martin","status":"publish","type":"post","link":"https:\/\/vocesdebaires.com.ar\/index.php\/2021\/08\/18\/acto-oficialaniversario-del-paso-a-la-inmortalidad-del-gral-san-martin\/","title":{"rendered":"Acto Oficial:Aniversario del Paso a la inmortalidad del Gral San Martin"},"content":{"rendered":"<p>El Ministro de Seguridad de la Provincia de Buenos Aires, Sergio Berni, particip\u00f3 ayer martes junto al Intendente de Tres Arroyos, Carlos S\u00e1nchez, del Acto Oficial por el 171\u00b0 aniversario del Paso a la Inmortalidad del General San Mart\u00edn. El acto se llev\u00f3 a cabo en la Plaza San Martin y cont\u00f3 con la presencia de Eugenio Galilea, Presidente de la Asociaci\u00f3n Sanmartiniana Filial oriunda de dicha ciudad. Sergio Berni expres\u00f3 que \u201cpoder estar hoy homenajeando a nuestro querido San Martin es motivo no solo de alegr\u00eda sino tambi\u00e9n de un profundo orgullo porque sabemos que esta tierra se hizo a caballo, se forjo a punta de lanza y bayoneta\u201d.<\/p>\n<p>\u201cHay una constante que se repite permanentemente y que son los problemas de seguridad que ten\u00edan nuestros productores del campo, estos ten\u00edan que ver con la falta de comunicaci\u00f3n y por sobre todas las cosas con la falta de comprensi\u00f3n de una polic\u00eda que estaba acostumbrada al delito urbano y a su din\u00e1mica, lo que generaba es que a veces no lograran comprender el lenguaje y de que se trata el delito rural y agreg\u00f3 que \u00e9ste no tiene que ver con la sustracci\u00f3n sino con las diferentes situaciones que pasan en la zona, por eso como dice el Gobernador, donde hay problemas estructurales debe haber soluciones de fondo\u201d.<\/p>\n<p>El funcionario bonaerense asegur\u00f3 que \u201c\u00e9sta polic\u00eda rural que se cre\u00f3 viene a poner fin a ese desamparo que ten\u00edan los productores rurales y viene a ponerse al lado y comprender sus necesidades\u201d. Para finalizar, el Ministro de Seguridad acept\u00f3 apadrinar a la Guardia Ecuestre y manifest\u00f3 que \u201ces un gran honor porque estoy convencido de que tenemos que revivir, reeditar, comprender y recordar estas tradiciones que nos hizo una gran Naci\u00f3n y asegur\u00f3 que Si no entendemos de d\u00f3nde venimos jam\u00e1s vamos a poder ser esa patria libe, soberana y justa con que nuestros pr\u00f3ceres so\u00f1aron\u201d.<\/p>\n","protected":false},"excerpt":{"rendered":"<p>El Ministro de Seguridad de la Provincia de Buenos Aires, Sergio Berni, particip\u00f3 ayer martes junto al Intendente de Tres Arroyos, Carlos S\u00e1nchez, del Acto Oficial por el 171\u00b0 aniversario del Paso a la Inmortalidad del General San Mart\u00edn. El acto se llev\u00f3 a cabo en la Plaza San Martin y cont\u00f3 con la presencia [&hellip;]<\/p>\n","protected":false},"author":2,"featured_media":34209,"comment_status":"open","ping_status":"open","sticky":false,"template":"","format":"standard","meta":{"_et_pb_use_builder":"","_et_pb_old_content":"","_et_gb_content_width":"","footnotes":""},"categories":[34,13],"tags":[],"class_list":["post-34208","post","type-post","status-publish","format-standard","has-post-thumbnail","hentry","category-politica","category-provincia"],"_links":{"self":[{"href":"https:\/\/vocesdebaires.com.ar\/index.php\/wp-json\/wp\/v2\/posts\/34208"}],"collection":[{"href":"https:\/\/vocesdebaires.com.ar\/index.php\/wp-json\/wp\/v2\/posts"}],"about":[{"href":"https:\/\/vocesdebaires.com.ar\/index.php\/wp-json\/wp\/v2\/types\/post"}],"author":[{"embeddable":true,"href":"https:\/\/vocesdebaires.com.ar\/index.php\/wp-json\/wp\/v2\/users\/2"}],"replies":[{"embeddable":true,"href":"https:\/\/vocesdebaires.com.ar\/index.php\/wp-json\/wp\/v2\/comments?post=34208"}],"version-history":[{"count":1,"href":"https:\/\/vocesdebaires.com.ar\/index.php\/wp-json\/wp\/v2\/posts\/34208\/revisions"}],"predecessor-version":[{"id":34210,"href":"https:\/\/vocesdebaires.com.ar\/index.php\/wp-json\/wp\/v2\/posts\/34208\/revisions\/34210"}],"wp:featuredmedia":[{"embeddable":true,"href":"https:\/\/vocesdebaires.com.ar\/index.php\/wp-json\/wp\/v2\/media\/34209"}],"wp:attachment":[{"href":"https:\/\/vocesdebaires.com.ar\/index.php\/wp-json\/wp\/v2\/media?parent=34208"}],"wp:term":[{"taxonomy":"category","embeddable":true,"href":"https:\/\/vocesdebaires.com.ar\/index.php\/wp-json\/wp\/v2\/categories?post=34208"},{"taxonomy":"post_tag","embeddable":true,"href":"https:\/\/vocesdebaires.com.ar\/index.php\/wp-json\/wp\/v2\/tags?post=34208"}],"curies":[{"name":"wp","href":"https:\/\/api.w.org\/{rel}","templated":true}]}}