{"id":34214,"date":"2021-08-18T00:14:18","date_gmt":"2021-08-18T03:14:18","guid":{"rendered":"https:\/\/vocesdebaires.com.ar\/?p=34214"},"modified":"2021-08-18T00:14:18","modified_gmt":"2021-08-18T03:14:18","slug":"ex-ciudad-deportiva-boca-realizaran-un-abrazo-entidades-deportivas","status":"publish","type":"post","link":"https:\/\/vocesdebaires.com.ar\/index.php\/2021\/08\/18\/ex-ciudad-deportiva-boca-realizaran-un-abrazo-entidades-deportivas\/","title":{"rendered":"Ex Ciudad deportiva Boca: Realizar\u00e1n un abrazo entidades deportivas"},"content":{"rendered":"<p>El candidato a Diputado Nacional, Leandro Santoro, junto al bloque de legisladores porte\u00f1os del Frente de Todos y entidades deportivas, comuneros y vecinos del barrio Rodrigo Bueno realizar\u00e1n hoy un abrazo a la ex Ciudad Deportiva de Boca Juniors en Costanera Sur.El objetivo es reclamar por el destino deportivo que ten\u00edan dichas tierras, en contraposici\u00f3n al proyecto del Gobierno de la Ciudad para habilitar all\u00ed torres de lujo de hasta 45 pisos. El predio, lindero a la Reserva Ecol\u00f3gica y al barrio Rodrigo Bueno, abarca 70 hect\u00e1reas y equivale en superficie a medio barrio de San Telmo. El oficialismo de la ciudad podr\u00eda intentar aprobar la iniciativa en la sesi\u00f3n del jueves 19 de agosto, en lo que constituir\u00eda un tratamiento r\u00e9cord con nulo debate.<br \/>\nConvocamos a las 14;45 hs en Av. Espa\u00f1a 2040, frente al puente de ingreso de la ex Ciudad Deportiva. https:\/\/goo.gl\/maps\/Q4yoPVMducgZGQyH6<\/p>\n","protected":false},"excerpt":{"rendered":"<p>El candidato a Diputado Nacional, Leandro Santoro, junto al bloque de legisladores porte\u00f1os del Frente de Todos y entidades deportivas, comuneros y vecinos del barrio Rodrigo Bueno realizar\u00e1n hoy un abrazo a la ex Ciudad Deportiva de Boca Juniors en Costanera Sur.El objetivo es reclamar por el destino deportivo que ten\u00edan dichas tierras, en contraposici\u00f3n [&hellip;]<\/p>\n","protected":false},"author":2,"featured_media":34215,"comment_status":"open","ping_status":"open","sticky":false,"template":"","format":"standard","meta":{"_et_pb_use_builder":"","_et_pb_old_content":"","_et_gb_content_width":"","footnotes":""},"categories":[11,32],"tags":[],"class_list":["post-34214","post","type-post","status-publish","format-standard","has-post-thumbnail","hentry","category-ciudad","category-comunas"],"_links":{"self":[{"href":"https:\/\/vocesdebaires.com.ar\/index.php\/wp-json\/wp\/v2\/posts\/34214"}],"collection":[{"href":"https:\/\/vocesdebaires.com.ar\/index.php\/wp-json\/wp\/v2\/posts"}],"about":[{"href":"https:\/\/vocesdebaires.com.ar\/index.php\/wp-json\/wp\/v2\/types\/post"}],"author":[{"embeddable":true,"href":"https:\/\/vocesdebaires.com.ar\/index.php\/wp-json\/wp\/v2\/users\/2"}],"replies":[{"embeddable":true,"href":"https:\/\/vocesdebaires.com.ar\/index.php\/wp-json\/wp\/v2\/comments?post=34214"}],"version-history":[{"count":1,"href":"https:\/\/vocesdebaires.com.ar\/index.php\/wp-json\/wp\/v2\/posts\/34214\/revisions"}],"predecessor-version":[{"id":34216,"href":"https:\/\/vocesdebaires.com.ar\/index.php\/wp-json\/wp\/v2\/posts\/34214\/revisions\/34216"}],"wp:featuredmedia":[{"embeddable":true,"href":"https:\/\/vocesdebaires.com.ar\/index.php\/wp-json\/wp\/v2\/media\/34215"}],"wp:attachment":[{"href":"https:\/\/vocesdebaires.com.ar\/index.php\/wp-json\/wp\/v2\/media?parent=34214"}],"wp:term":[{"taxonomy":"category","embeddable":true,"href":"https:\/\/vocesdebaires.com.ar\/index.php\/wp-json\/wp\/v2\/categories?post=34214"},{"taxonomy":"post_tag","embeddable":true,"href":"https:\/\/vocesdebaires.com.ar\/index.php\/wp-json\/wp\/v2\/tags?post=34214"}],"curies":[{"name":"wp","href":"https:\/\/api.w.org\/{rel}","templated":true}]}}