{"id":34274,"date":"2021-08-23T00:00:02","date_gmt":"2021-08-23T03:00:02","guid":{"rendered":"https:\/\/vocesdebaires.com.ar\/?p=34274"},"modified":"2021-08-22T20:30:48","modified_gmt":"2021-08-22T23:30:48","slug":"el-cofema-celebro-su-asamblea-ordinaria-numero-100","status":"publish","type":"post","link":"https:\/\/vocesdebaires.com.ar\/index.php\/2021\/08\/23\/el-cofema-celebro-su-asamblea-ordinaria-numero-100\/","title":{"rendered":"El COFEMA celebr\u00f3 su asamblea ordinaria n\u00famero 100"},"content":{"rendered":"<p>El ministerio de Ambiente y Desarrollo Sostenible de la Naci\u00f3n,realiz\u00f3 la apertura de la Asamblea Ordinaria N\u00b0 100 del Consejo Federal de Medio Ambiente (COFEMA), acompa\u00f1ado por el presidente del organismo, Santiago Azulay, quien tambi\u00e9n es secretario de Ambiente La Rioja y la vicepresidenta, Dina Migani, a su vez secretaria de Ambiente y Desarrollo Sustentable de R\u00edo Negro. La reuni\u00f3n se desarroll\u00f3 de manera presencial en la sede de la cartera de Ambiente, con las restricciones y cuidados que la situaci\u00f3n sanitaria vigente demanda.<\/p>\n<p>El ministro destac\u00f3: \u201cLa primera asamblea se realiz\u00f3 hace 31 a\u00f1os en la provincia de La Rioja, y eso ha marcado un camino en s\u00ed mismo, con el esp\u00edritu federal y la estructura gubernamental que tiene la Rep\u00fablica Argentina que ha sido validado por el COFEMA a trav\u00e9s de cada una de las agendas ambientales del pa\u00eds\u201d. \u201cTenemos el desaf\u00edo de poner la agenda ambiental en el centro de la acci\u00f3n, esa es una de las tareas principales que nos planteamos\u201d, expres\u00f3. Tambi\u00e9n declar\u00f3 que incidir en la agenda ambiental es \u201cdefender un proyecto, una idea de sociedad y un modelo de producci\u00f3n sostenible\u201d.<\/p>\n<p>Al referirse a su participaci\u00f3n en la Reuni\u00f3n de Ambiente, Energ\u00eda y Clima del G20 celebrada en julio en Italia, el ministro record\u00f3 que Argentina entreg\u00f3 su segunda contribuci\u00f3n nacionalmente determinada en diciembre pasado y sum\u00f3: \u201cEn el mes de abril, actualizamos nuestro compromiso que ahora es un 27,7 % m\u00e1s ambicioso que el presentado en 2016. Eso implica acciones concretas vinculadas a la movilidad sostenible, a la preservaci\u00f3n de los bosques nativos, la modificaci\u00f3n de la matriz energ\u00e9tica, entre otras\u201d.<\/p>\n<p>\u201cDebemos tener en cuenta que nuestro pa\u00eds es acreedor ambiental frente a las naciones que han podido subir la escala del desarrollo a costa de la calidad de vida de las generaciones futuras\u201d, expres\u00f3 el ministro. \u201cLa agenda ambiental y la agenda de cambio clim\u00e1tico hoy nos convocan a hacer crecer la econom\u00eda pero de una manera sostenible. Para eso necesitamos financiaci\u00f3n\u201d, indic\u00f3 y agreg\u00f3: \u201cEn el marco de la b\u00fasqueda de mecanismos de innovaci\u00f3n elaboramos la propuesta del canje de deuda por acci\u00f3n clim\u00e1tica\u201d.<\/p>\n<p>A su turno, Azulay expres\u00f3: \u201cDespu\u00e9s de todos estos meses, es realmente una emoci\u00f3n. Hemos trabajado en los momentos m\u00e1s duros de esta pandemia y hoy, estar ac\u00e1, de manera presencial, celebrando nuestra asamblea n\u00famero 100 en el Ministerio, un lugar que sentimos como nuestra casa, es trascendental\u201d. Entre los temas tratados, los representantes dialogaron en torno a la emergencia h\u00eddrica en varios puntos del pa\u00eds y expresaron conformidad respecto al rumbo tomado en materia de manejo del fuego. Desde el Ministerio, Sergio Federovisky, secretario de Control y Monitoreo Ambiental, explic\u00f3 que se trata de un problema ambiental que, entre otras cosas, est\u00e1 relacionado con el cambio clim\u00e1tico y que tiene incidencia en la aparici\u00f3n incendios forestales y de pastizales, favorecidos por las situaciones de estr\u00e9s h\u00eddrico que los tornan recurrentes.<\/p>\n<p>Adem\u00e1s, celebr\u00f3 que se hubiera logrado incorporar una mirada ambiental m\u00e1s amplia al abordaje de la problem\u00e1tica y realiz\u00f3 un repaso de acciones llevadas a cabo, entre las que se destacan la dotaci\u00f3n permanente de brigadistas en algunas zonas y la puesta en operaci\u00f3n del fondo para financiar el Servicio Nacional de Manejo del Fuego, mediante al\u00edcuotas de seguros, lo que permitir\u00e1 licitar para los siguiente dos a\u00f1os los medios a\u00e9reos que den apoyo al combate de incendios forestales. Por \u00faltimo, record\u00f3 que estos medios tienen un rol complementario en el manejo del fuego y asegur\u00f3 que resulta fundamental el desarrollo de programas de prevenci\u00f3n activos y en territorio.<\/p>\n<p>A su turno, el secretario de Cambio Clim\u00e1tico, Desarrollo Sostenible e Innovaci\u00f3n, Rodrigo Rodr\u00edguez Tornquist se refiri\u00f3 al Sexto Informe de Evaluaci\u00f3n del IPCC y a los \u00faltimos encuentros internacionales en los que estuvo involucrada Argentina en materia de acci\u00f3n clim\u00e1tica. En tal sentido, mencion\u00f3 la participaci\u00f3n en la Cumbre de L\u00edderes sobre Cambio Clim\u00e1tico, realizada en abril, y en la Reuni\u00f3n de Ministros de Ambiente, Energ\u00eda y Clima en el marco del G20 que se llev\u00f3 a cabo en Italia, en julio.<\/p>\n<p>En esa misma l\u00ednea, el funcionario manifest\u00f3 que es importante hablar de medios innovadores de implementaci\u00f3n y que se deber\u00e1 trabajar intensamente en la agenda de adaptaci\u00f3n, dado que los episodios clim\u00e1ticos extremos ser\u00e1n m\u00e1s frecuentes. Adem\u00e1s, record\u00f3 que en algunas semanas se llevar\u00e1 a cabo la Conferencia de las Partes (COP 26) que se realizar\u00e1 en Glasgow, cuyo tema central se prev\u00e9 que sea el de las finanzas. Durante el encuentro tambi\u00e9n se repas\u00f3 el estado de situaci\u00f3n de las rendiciones para los bosques nativos del pa\u00eds y se propuso realizar un informe, con posibilidad de actualizarlo cada 20 d\u00edas, de manera de aportar datos relevantes para todas las provincias.<\/p>\n<p>Cabe indicar que durante la asamblea se avalaron los lineamientos generales de la Ley Yolanda, los que fueron presentados por la subsecretaria Interjurisdiccional e Interinstitucional del Ministerio de Ambiente nacional, Mar\u00eda Cristina Ru\u00edz del Ferrier. La norma establece la capacitaci\u00f3n obligatoria en la tem\u00e1tica ambiental para las personas que se desempe\u00f1en en todos los niveles y jerarqu\u00edas en los poderes Ejecutivo, Legislativo y Judicial de la Naci\u00f3n. En la jornada, el COFEMA le gir\u00f3 al Ministerio de Ambiente, por primera vez, un proyecto de ley de autor\u00eda propia, el Proyecto de Ley de Evaluaci\u00f3n de Impacto Ambiental, para que la cartera contin\u00fae el proceso pertinente con vistas a que alcance tratamiento legislativo.<\/p>\n<p>Adem\u00e1s, el COFEMA resolvi\u00f3 acompa\u00f1ar el tratamiento en el Senado de un proyecto de ley orientado a lograr un r\u00e9gimen previsional diferencial para los combatientes de incendios forestales y rurales, considerando que este personal requiere gozar del beneficio jubilatorio de manera anticipada por las caracter\u00edsticas de su tarea. Por parte del Ministerio de Ambiente nacional, tambi\u00e9n participaron Soledad Cantero, titular de la Unidad Gabinete de Asesores; Mart\u00edn M\u00f3naco, director Nacional de Bosques; Nicol\u00e1s Fern\u00e1ndez, director de Articulaci\u00f3n Interjurisdiccional y Acceso a la Informaci\u00f3n; y Gabriela Gonz\u00e1lez Trilla, directora nacional de de Gesti\u00f3n Ambiental del Agua y los Ecosistemas Acu\u00e1ticos.<\/p>\n<p>Por su parte, representaron a las jurisdicciones: Juan Brardinelli, director Ejecutivo del Organismo Provincial para el Desarrollo Sostenible de la provincia de Buenos Aires; Ricardo Robador, director de Gesti\u00f3n Ambiental del Ministerio de Agua, Energ\u00eda y Medio Ambiente de la provincia de Catamarca; Paula Soneira, subsecretaria de Ambiente y Biodiversidad de Chaco; Eduardo Arzani, ministro de Industria, Agricultura y Ganader\u00eda de Chubut; Juan Carlos Scotto, secretario de Ambiente de la provincia de C\u00f3rdoba; Daniela Garc\u00eda, secretaria de Ambiente de la Entre R\u00edos; Hugo Bay, Subsecretario de Recursos, Naturales, Ordenamiento y Calidad Ambiental de la provincia de Formosa; Estefan\u00eda S\u00e1nchez Cuartielles, directora de Planeamiento Estrat\u00e9gico del Ministerio Ambiente de Jujuy; Mario Vialey, ministro de Ecolog\u00eda y Recursos Naturales Renovables de la provincia de Misiones; Luc\u00eda Redondo, secretaria de Recursos Naturales y Ambiente de la provincia de Neuqu\u00e9n; Juan Adri\u00e1n Medrano de la Serna, coordinador jur\u00eddico del Ministerio de Producci\u00f3n y Desarrollo Sustentable de Salta; Gustavo Mercado, subsecretario de Administrativa Contable de San Juan; Natalia Spinuzza, secretaria de Medio Ambiente de la provincia de San Luis; Mariano Bertinat, secretario de Estado de Ambiente de Santa Cruz; \u00c9rika Gonnet, ministra de Ambiente y Cambio Clim\u00e1tico de Santa Fe; Carlos Salmoiraghi, subsecretario de Medio Ambiente de la provincia de Santiago del Estero; Eugenia \u00c1lvarez, secretaria de Ambiente de Tierra del Fuego, Ant\u00e1rtida e Islas del Atl\u00e1ntico Sur; y Alfredo Montalv\u00e1n, secretario de Medio Ambiente de Tucum\u00e1n.<\/p>\n","protected":false},"excerpt":{"rendered":"<p>El ministerio de Ambiente y Desarrollo Sostenible de la Naci\u00f3n,realiz\u00f3 la apertura de la Asamblea Ordinaria N\u00b0 100 del Consejo Federal de Medio Ambiente (COFEMA), acompa\u00f1ado por el presidente del organismo, Santiago Azulay, quien tambi\u00e9n es secretario de Ambiente La Rioja y la vicepresidenta, Dina Migani, a su vez secretaria de Ambiente y Desarrollo Sustentable [&hellip;]<\/p>\n","protected":false},"author":3,"featured_media":34275,"comment_status":"open","ping_status":"open","sticky":false,"template":"","format":"standard","meta":{"_et_pb_use_builder":"","_et_pb_old_content":"","_et_gb_content_width":"","footnotes":""},"categories":[34,13],"tags":[],"class_list":["post-34274","post","type-post","status-publish","format-standard","has-post-thumbnail","hentry","category-politica","category-provincia"],"_links":{"self":[{"href":"https:\/\/vocesdebaires.com.ar\/index.php\/wp-json\/wp\/v2\/posts\/34274"}],"collection":[{"href":"https:\/\/vocesdebaires.com.ar\/index.php\/wp-json\/wp\/v2\/posts"}],"about":[{"href":"https:\/\/vocesdebaires.com.ar\/index.php\/wp-json\/wp\/v2\/types\/post"}],"author":[{"embeddable":true,"href":"https:\/\/vocesdebaires.com.ar\/index.php\/wp-json\/wp\/v2\/users\/3"}],"replies":[{"embeddable":true,"href":"https:\/\/vocesdebaires.com.ar\/index.php\/wp-json\/wp\/v2\/comments?post=34274"}],"version-history":[{"count":1,"href":"https:\/\/vocesdebaires.com.ar\/index.php\/wp-json\/wp\/v2\/posts\/34274\/revisions"}],"predecessor-version":[{"id":34276,"href":"https:\/\/vocesdebaires.com.ar\/index.php\/wp-json\/wp\/v2\/posts\/34274\/revisions\/34276"}],"wp:featuredmedia":[{"embeddable":true,"href":"https:\/\/vocesdebaires.com.ar\/index.php\/wp-json\/wp\/v2\/media\/34275"}],"wp:attachment":[{"href":"https:\/\/vocesdebaires.com.ar\/index.php\/wp-json\/wp\/v2\/media?parent=34274"}],"wp:term":[{"taxonomy":"category","embeddable":true,"href":"https:\/\/vocesdebaires.com.ar\/index.php\/wp-json\/wp\/v2\/categories?post=34274"},{"taxonomy":"post_tag","embeddable":true,"href":"https:\/\/vocesdebaires.com.ar\/index.php\/wp-json\/wp\/v2\/tags?post=34274"}],"curies":[{"name":"wp","href":"https:\/\/api.w.org\/{rel}","templated":true}]}}