{"id":34281,"date":"2021-08-23T00:00:18","date_gmt":"2021-08-23T03:00:18","guid":{"rendered":"https:\/\/vocesdebaires.com.ar\/?p=34281"},"modified":"2021-08-22T22:52:24","modified_gmt":"2021-08-23T01:52:24","slug":"reves-judicial-para-la-caja-de-medicos-de-la-provincia-de-bs-as","status":"publish","type":"post","link":"https:\/\/vocesdebaires.com.ar\/index.php\/2021\/08\/23\/reves-judicial-para-la-caja-de-medicos-de-la-provincia-de-bs-as\/","title":{"rendered":"Rev\u00e9s judicial para la Caja de m\u00e9dicos de la Provincia de Bs As"},"content":{"rendered":"<p>La C\u00e1mara de Apelaciones en lo Contencioso y Administrativo de La Plata resolvi\u00f3 por unanimidad que toda la informaci\u00f3n que se neg\u00f3 durante a\u00f1os sobre la construcci\u00f3n del Hotel Grand Brizo, ubicado en el coraz\u00f3n de la ciudad de las diagonales, salga a la luz, como as\u00ed tambi\u00e9n orden\u00f3 que se informe sobre los manejos de fondos e inversiones de los aportes de los m\u00e9dicos de la Provincia de Buenos Aires a su Caja de Previsi\u00f3n y Seguro M\u00e9dico.Luego de muchos pedidos al actual directorio de la CPSM, sin respuesta, los integrantes de \u201cLuchemos por Una Caja Justa\u201d &#8211; un grupo de m\u00e9dicos auto convocados que buscan claridad y transparencia en la gesti\u00f3n de sus aportes-, lograron que tres Jueces, por unanimidad, confirmaran lo resuelto por la Jueza de Primera Instancia Mar\u00eda Ventura Mart\u00ednez.<\/p>\n<p>El representante legal de la Asociaci\u00f3n, Dr. Fabio Nielsen, expres\u00f3: \u201cYa est\u00e1 la Resoluci\u00f3n por la cual la C\u00e1mara de Apelaciones, compuesta por los doctores Gustavo Daniel Spacarotel, Gustavo Juan de Santis y Claudia Ang\u00e9lica Matilde Milanta, por unanimidad, rechaz\u00f3 lo pedido por la Caja de M\u00e9dicos y confirm\u00f3 lo resuelto por la doctora Ventura Mart\u00ednez. \u2018Luchemos\u2019 hab\u00eda pedido acceder a la documentaci\u00f3n y la Caja contest\u00f3 en forma parcial diciendo que no pod\u00eda mostrar los expedientes porque compromet\u00edan los intereses de la Caja y que no era necesario que los colegas de \u201cLuchemos\u201d tuvieran conocimiento de ellos. Ahora el Poder Judicial dijo que no es as\u00ed, que la Caja es una entidad de bien p\u00fablico no estatal y que tiene la obligaci\u00f3n de poner en conocimiento de todo aquel que lo solicite todos los expedientes referidos a cualquiera de los temas que tengan que ver con el patrimonio y el manejo de los fondos.<\/p>\n<p>Y no solamente eso, sino que uno de los jueces, el Dr. Di Santis, afirm\u00f3 que la apelaci\u00f3n en s\u00ed ya hab\u00eda sido mal concedida porque la Jueza hab\u00eda fallado en un todo de acuerdo con el orden jur\u00eddico, era una resoluci\u00f3n ajustada a derecho que no deber\u00eda haberse apelado. Esto significa dos cosas: Primero, que toda la documentaci\u00f3n que tiene la Caja va a tener que ser entregada y \u2018Luchemos\u2019 va a tener acceso a la totalidad de los expedientes. Segundo, que al ser la Caja una entidad de bien p\u00fablico, cualquier profesional puede ir a requerir informaci\u00f3n, porque est\u00e1 dentro de sus derechos solicitar la documentaci\u00f3n referida no solamente a la construcci\u00f3n del hotel sino a cualquier tema que sea de inter\u00e9s del afiliado y que tenga que ver con el manejo de sus propios fondos\u201d.<\/p>\n<p>\u201cEl expediente vuelve ahora a primera instancia para que a partir de este momento se puedan examinar todos los que ya hab\u00edan sido presentados, m\u00e1s todos los que la Caja deber\u00e1 alcanzar conforme lo resuelto por las distintas instancias judiciales. A partir de eso se producir\u00e1 la prueba sobre el manejo de los fondos. Al respecto, creemos, por todos los indicios que obran en la causa, que no existe documentaci\u00f3n respaldatoria ni transparencia acerca de la construcci\u00f3n del Hotel Grand Brizo. Es un hecho in\u00e9dito lo que pas\u00f3 con este hotel, y es un hito en la historia de la Caja de M\u00e9dicos lo que estamos consiguiendo con esta demanda\u00a8 expres\u00f3 el abogado.<\/p>\n<p><strong>Declaraciones de Zulma Fern\u00e1ndez, responsables de \u201cLuchemos por una caja justa\u201d<\/strong><br \/>\nLa referente del proyecto Luchemos por una Caja Justa Dra. Zulma Fern\u00e1ndez expres\u00f3 \u201cEl haber encabezado esta demanda colectiva conjuntamente con Alicia Espeche y las 110 firmas que nos acompa\u00f1aron y el \u00e9xito obtenido no son m\u00e1s que un comienzo para lograr claridad y transparencia institucional. Tenemos derecho como afiliados y aportantes activos a conocer el manejo de las inversiones y a saber qu\u00e9 es lo que hacen con los aportes de toda nuestra vida m\u00e9dica activa.<\/p>\n<p>Ahora esperamos ver toda la documentaci\u00f3n que debe presentar el directorio ante la solicitud de la C\u00e1mara. Siempre estuvimos confiados y convencidos de que pedir explicaciones es nuestro derecho, \u00e9ste no puede ser negado porque el derecho a la informaci\u00f3n, es un derecho inalienable reconocido en la Constituci\u00f3n Nacional. Estamos muy contentos con el fallo de la C\u00e1mara ante la demanda colectiva que present\u00f3 \u2018Luchemos\u2019, convencidos que este es el camino por el cual tenemos que ir para lograr la claridad y transparencia institucional que nos deber\u00edan haber brindado hace mucho tiempo\u201d.<\/p>\n<p><strong>Elecciones:<\/strong><br \/>\nCabe recordar que el pr\u00f3ximo 20 de septiembre de 8 a 18 horas realizar\u00e1n las elecciones y por primera vez en la historia \u201cLuchemos por una Caja Justa\u201d se presenta como lista opositora a la actual conducci\u00f3n con el objetivo principal de buscar claridad y transparencia en el destino de sus aportes, como as\u00ed tambi\u00e9n conocer las actividades financieras poco claras que no se informan de manera p\u00fablica.\u00a0 Para mayor informaci\u00f3n de las elecciones ingresar en @luchemosporunacajajusta<\/p>\n","protected":false},"excerpt":{"rendered":"<p>La C\u00e1mara de Apelaciones en lo Contencioso y Administrativo de La Plata resolvi\u00f3 por unanimidad que toda la informaci\u00f3n que se neg\u00f3 durante a\u00f1os sobre la construcci\u00f3n del Hotel Grand Brizo, ubicado en el coraz\u00f3n de la ciudad de las diagonales, salga a la luz, como as\u00ed tambi\u00e9n orden\u00f3 que se informe sobre los manejos [&hellip;]<\/p>\n","protected":false},"author":2,"featured_media":34282,"comment_status":"open","ping_status":"open","sticky":false,"template":"","format":"standard","meta":{"_et_pb_use_builder":"","_et_pb_old_content":"","_et_gb_content_width":"","footnotes":""},"categories":[34,13],"tags":[],"class_list":["post-34281","post","type-post","status-publish","format-standard","has-post-thumbnail","hentry","category-politica","category-provincia"],"_links":{"self":[{"href":"https:\/\/vocesdebaires.com.ar\/index.php\/wp-json\/wp\/v2\/posts\/34281"}],"collection":[{"href":"https:\/\/vocesdebaires.com.ar\/index.php\/wp-json\/wp\/v2\/posts"}],"about":[{"href":"https:\/\/vocesdebaires.com.ar\/index.php\/wp-json\/wp\/v2\/types\/post"}],"author":[{"embeddable":true,"href":"https:\/\/vocesdebaires.com.ar\/index.php\/wp-json\/wp\/v2\/users\/2"}],"replies":[{"embeddable":true,"href":"https:\/\/vocesdebaires.com.ar\/index.php\/wp-json\/wp\/v2\/comments?post=34281"}],"version-history":[{"count":1,"href":"https:\/\/vocesdebaires.com.ar\/index.php\/wp-json\/wp\/v2\/posts\/34281\/revisions"}],"predecessor-version":[{"id":34283,"href":"https:\/\/vocesdebaires.com.ar\/index.php\/wp-json\/wp\/v2\/posts\/34281\/revisions\/34283"}],"wp:featuredmedia":[{"embeddable":true,"href":"https:\/\/vocesdebaires.com.ar\/index.php\/wp-json\/wp\/v2\/media\/34282"}],"wp:attachment":[{"href":"https:\/\/vocesdebaires.com.ar\/index.php\/wp-json\/wp\/v2\/media?parent=34281"}],"wp:term":[{"taxonomy":"category","embeddable":true,"href":"https:\/\/vocesdebaires.com.ar\/index.php\/wp-json\/wp\/v2\/categories?post=34281"},{"taxonomy":"post_tag","embeddable":true,"href":"https:\/\/vocesdebaires.com.ar\/index.php\/wp-json\/wp\/v2\/tags?post=34281"}],"curies":[{"name":"wp","href":"https:\/\/api.w.org\/{rel}","templated":true}]}}