{"id":34287,"date":"2021-08-23T00:00:11","date_gmt":"2021-08-23T03:00:11","guid":{"rendered":"https:\/\/vocesdebaires.com.ar\/?p=34287"},"modified":"2021-08-22T22:55:49","modified_gmt":"2021-08-23T01:55:49","slug":"santilli-recorrio-el-sur-de-la-pcia-de-bs-as-y-converso-con-los-vecinos","status":"publish","type":"post","link":"https:\/\/vocesdebaires.com.ar\/index.php\/2021\/08\/23\/santilli-recorrio-el-sur-de-la-pcia-de-bs-as-y-converso-con-los-vecinos\/","title":{"rendered":"Santilli: Recorri\u00f3 el Sur de la Pcia de Bs. As y convers\u00f3 con los vecinos"},"content":{"rendered":"<p>El precandidato a diputado nacional por Juntos, Diego Santilli, recorri\u00f3 el pasado s\u00e1bado Tres Arroyos, Punta Alta y Coronel Dorrego junto a referentes locales y convers\u00f3 con los vecinos sobre las problem\u00e1ticas del lugar. All\u00ed Santilli reiter\u00f3 el problema impositivo que atraviesan los productores: \u201cel control fiscal le saca ox\u00edgeno a los comerciantes\u201d, sostuvo Santilli durante su recorrida que incluy\u00f3 Punta Alta, un centro de jubilados, comercios y una caminata por la avenida Col\u00f3n de la que participaron los precandidatos a diputados provinciales Roc\u00edo Antinori, Laura Aprile, Gustavo Coria y los precandidatos a concejal Mar\u00eda Cecilia del \u00c1guila y Agust\u00edn Rossi.<\/p>\n<p>\u201cVamos a presentar un proyecto de ley para bajar impuestos a quienes contraten j\u00f3venes, hace diez a\u00f1os no se genera empleo en el sector privado\u201d, afirm\u00f3.Tambi\u00e9n Santilli convers\u00f3 con comerciantes y vecinos durante la ma\u00f1ana, donde reiter\u00f3 la preocupaci\u00f3n por la educaci\u00f3n en la provincia: \u201csin educaci\u00f3n no salimos, vamos a ir a buscar los 500.000 chicos que dejaron las escuelas\u201d, asegur\u00f3 el ex ministro de Seguridad porte\u00f1o y anticip\u00f3 que presentar\u00e1 en caso de ingresar al Congreso tres proyectos sobre educaci\u00f3n como herramienta primaria de cara al futuro. \u201cLa evaluaci\u00f3n no es estigmatizante, te permite ver que te falta, hace dos a\u00f1os se suspendieron las pruebas Aprender\u201d, critic\u00f3.<\/p>\n<p>A su vez, propuso debatir la reforma del c\u00f3digo procesal penal en materia de Seguridad, donde expres\u00f3 su preocupaci\u00f3n: \u201clos pa\u00edses donde los ciudadanos se sienten seguros, son donde los que delinquen son detenidos y condenados, hay que aplicar leyes contundentes\u201d, sostuvo. Y agreg\u00f3: \u201ccuando los polic\u00edas est\u00e9n en las esquinas de tu barrio, en la estaci\u00f3n, previniendo el delito precisamos que los que delinquen no entren por una puerta y salgan por la otra\u00bb.<\/p>\n","protected":false},"excerpt":{"rendered":"<p>El precandidato a diputado nacional por Juntos, Diego Santilli, recorri\u00f3 el pasado s\u00e1bado Tres Arroyos, Punta Alta y Coronel Dorrego junto a referentes locales y convers\u00f3 con los vecinos sobre las problem\u00e1ticas del lugar. All\u00ed Santilli reiter\u00f3 el problema impositivo que atraviesan los productores: \u201cel control fiscal le saca ox\u00edgeno a los comerciantes\u201d, sostuvo Santilli [&hellip;]<\/p>\n","protected":false},"author":2,"featured_media":34288,"comment_status":"open","ping_status":"open","sticky":false,"template":"","format":"standard","meta":{"_et_pb_use_builder":"","_et_pb_old_content":"","_et_gb_content_width":"","footnotes":""},"categories":[34,13],"tags":[],"class_list":["post-34287","post","type-post","status-publish","format-standard","has-post-thumbnail","hentry","category-politica","category-provincia"],"_links":{"self":[{"href":"https:\/\/vocesdebaires.com.ar\/index.php\/wp-json\/wp\/v2\/posts\/34287"}],"collection":[{"href":"https:\/\/vocesdebaires.com.ar\/index.php\/wp-json\/wp\/v2\/posts"}],"about":[{"href":"https:\/\/vocesdebaires.com.ar\/index.php\/wp-json\/wp\/v2\/types\/post"}],"author":[{"embeddable":true,"href":"https:\/\/vocesdebaires.com.ar\/index.php\/wp-json\/wp\/v2\/users\/2"}],"replies":[{"embeddable":true,"href":"https:\/\/vocesdebaires.com.ar\/index.php\/wp-json\/wp\/v2\/comments?post=34287"}],"version-history":[{"count":1,"href":"https:\/\/vocesdebaires.com.ar\/index.php\/wp-json\/wp\/v2\/posts\/34287\/revisions"}],"predecessor-version":[{"id":34289,"href":"https:\/\/vocesdebaires.com.ar\/index.php\/wp-json\/wp\/v2\/posts\/34287\/revisions\/34289"}],"wp:featuredmedia":[{"embeddable":true,"href":"https:\/\/vocesdebaires.com.ar\/index.php\/wp-json\/wp\/v2\/media\/34288"}],"wp:attachment":[{"href":"https:\/\/vocesdebaires.com.ar\/index.php\/wp-json\/wp\/v2\/media?parent=34287"}],"wp:term":[{"taxonomy":"category","embeddable":true,"href":"https:\/\/vocesdebaires.com.ar\/index.php\/wp-json\/wp\/v2\/categories?post=34287"},{"taxonomy":"post_tag","embeddable":true,"href":"https:\/\/vocesdebaires.com.ar\/index.php\/wp-json\/wp\/v2\/tags?post=34287"}],"curies":[{"name":"wp","href":"https:\/\/api.w.org\/{rel}","templated":true}]}}