{"id":34308,"date":"2021-08-24T00:00:01","date_gmt":"2021-08-24T03:00:01","guid":{"rendered":"https:\/\/vocesdebaires.com.ar\/?p=34308"},"modified":"2021-08-23T23:35:37","modified_gmt":"2021-08-24T02:35:37","slug":"santilli-larreta-recorrieron-vicente-lopez-junto-al-intendente-macri","status":"publish","type":"post","link":"https:\/\/vocesdebaires.com.ar\/index.php\/2021\/08\/24\/santilli-larreta-recorrieron-vicente-lopez-junto-al-intendente-macri\/","title":{"rendered":"Santilli, Larreta: Recorrieron Vicente L\u00f3pez junto al intendente Macri"},"content":{"rendered":"<p>El precandidato a diputado nacional por Juntos Diego Santilli y el jefe de Gobierno porte\u00f1o, Horacio Rodr\u00edguez Larreta, recorrieron Vicente L\u00f3pez ayer junto al intendente Jorge Macri. Despu\u00e9s de desayunar en el emblem\u00e1tico \u201cCaf\u00e9 Par\u00eds\u201d, caminaron por el Centro Comercial Ugarte, donde conversaron con los trabajadores de los locales y los vecinos sobre sus principales preocupaciones. En ese sentido, Santilli se refiri\u00f3 a los proyectos de ley que presentar\u00e1 ante el Congreso si accede a una banca en las pr\u00f3ximas elecciones legislativas: \u201cEntre las 19 propuestas que hemos hecho identificamos tres elementos centrales.<\/p>\n<p>El primero es la educaci\u00f3n: hay que ir a buscar a los chicos que abandonaron la escuela. En la Provincia tenemos 280.000 j\u00f3venes que perdieron contacto con la educaci\u00f3n en primaria y secundaria, y si uno toma los cuatro niveles educativos son casi 500.000 chicos\u201d. Asimismo, asegur\u00f3: \u201cHay que evaluar, porque si no pasan cosas como en Toyota u otras empresas, donde no encuentran j\u00f3venes con secundario completo para poder construir una carrera en compa\u00f1\u00edas o pymes importantes de nuestro pa\u00eds. La evaluaci\u00f3n debe ser obligatoria, no puede estar a merced de un gobierno de turno.<\/p>\n<p>No se trata de focalizar la evaluaci\u00f3n en el error, se trata de ver qu\u00e9 nos falta, qu\u00e9 contenidos m\u00e1s tenemos que tener para que nuestros j\u00f3venes tengan un futuro mejor\u201d. Santilli tambi\u00e9n hizo referencia al proyecto de ley de Emergencia Educativa: \u201cLos argentinos tenemos que tomar a la educaci\u00f3n como pol\u00edtica de estado. Esto significa ver qu\u00e9 nos falta en infraestructura, equipamiento b\u00e1sico y conectividad. En el futuro, todas las aulas de nuestro pa\u00eds tienen que tener Wi-Fi\u201d. La dif\u00edcil situaci\u00f3n econ\u00f3mica actual fue otra de las preocupaciones que los vecinos de Vicente L\u00f3pez resaltaron en di\u00e1logo con Santilli. Al respecto, el precandidato a diputado nacional se\u00f1al\u00f3: \u201cTenemos que acompa\u00f1ar a las pymes que est\u00e1n tratando de salir.<\/p>\n<p>Hablamos con Jorge y Horacio en la recorrida sobre las pymes que han sufrido todos estos meses, que son los comerciantes que les cost\u00f3 volver a abrir las persianas. Hubo un intendente que empujaba para que volvieran a tener trabajo, para que pudieran abrir y laburar. Hay que defenderlas y, tambi\u00e9n, generar empleo joven\u201d.\u201cVamos a presentar un proyecto de ley para eliminar los impuestos al trabajo en los j\u00f3venes de entre 18 y 13 a\u00f1os, a lo largo de cinco a\u00f1os, para que esa masa de j\u00f3venes que hoy no tiene trabajo y est\u00e1 en la informalidad, que no aportan al Estado, puedan reinsertarse, tener formalidad y un futuro mejor\u201d, dijo Santilli.<\/p>\n<p>Por su parte, Rodr\u00edguez Larreta se refiri\u00f3 a la importancia de las elecciones legislativas de este a\u00f1o: \u201cSe juega en qu\u00e9 modelo de pa\u00eds queremos vivir. Si queremos profundizar un modelo como el de hoy, donde cada vez hay menos laburo y los chicos no est\u00e1n en las escuelas. Ac\u00e1 en la esquina nos ped\u00edan por favor que en la Provincia vuelva la escuela todos los d\u00edas, cosa que en Capital sucede porque est\u00e1n desde febrero\u201d.\u201cLo que se juega en la elecci\u00f3n es qu\u00e9 pa\u00eds queremos para nuestros hijos. Nosotros estamos convencidos de que queremos un pa\u00eds con laburo, con chicos en las escuelas, donde puedas salir a la calle seguro, sin ning\u00fan miedo ni preocupaci\u00f3n por la inseguridad\u201d, afirm\u00f3 Rodr\u00edguez Larreta.<\/p>\n<p>En tanto, Jorge Macri se refiri\u00f3 a la importancia del trabajo en equipo: \u201cJunto a Horacio y Diego hemos intercambiado experiencias de gesti\u00f3n que nos permiten seguir trabajando en equipo, y eso se ve reflejado en lo que hacemos para mejorarle la vida a la gente. Es gratificante caminar y escuchar a los vecinos y saber del apoyo que nos brindan. El pr\u00f3ximo 12 de septiembre tenemos una nueva oportunidad en Vicente L\u00f3pez de seguir legitimando una gesti\u00f3n que est\u00e1 presente en todos los barrios, con m\u00e1s seguridad y salitas de salud, y bancando a los comerciantes. Y en Provincia con un candidato como Diego, que representa todo lo que puede dar Juntos\u201d.<\/p>\n","protected":false},"excerpt":{"rendered":"<p>El precandidato a diputado nacional por Juntos Diego Santilli y el jefe de Gobierno porte\u00f1o, Horacio Rodr\u00edguez Larreta, recorrieron Vicente L\u00f3pez ayer junto al intendente Jorge Macri. Despu\u00e9s de desayunar en el emblem\u00e1tico \u201cCaf\u00e9 Par\u00eds\u201d, caminaron por el Centro Comercial Ugarte, donde conversaron con los trabajadores de los locales y los vecinos sobre sus principales [&hellip;]<\/p>\n","protected":false},"author":2,"featured_media":34309,"comment_status":"open","ping_status":"open","sticky":false,"template":"","format":"standard","meta":{"_et_pb_use_builder":"","_et_pb_old_content":"","_et_gb_content_width":"","footnotes":""},"categories":[34,13],"tags":[],"class_list":["post-34308","post","type-post","status-publish","format-standard","has-post-thumbnail","hentry","category-politica","category-provincia"],"_links":{"self":[{"href":"https:\/\/vocesdebaires.com.ar\/index.php\/wp-json\/wp\/v2\/posts\/34308"}],"collection":[{"href":"https:\/\/vocesdebaires.com.ar\/index.php\/wp-json\/wp\/v2\/posts"}],"about":[{"href":"https:\/\/vocesdebaires.com.ar\/index.php\/wp-json\/wp\/v2\/types\/post"}],"author":[{"embeddable":true,"href":"https:\/\/vocesdebaires.com.ar\/index.php\/wp-json\/wp\/v2\/users\/2"}],"replies":[{"embeddable":true,"href":"https:\/\/vocesdebaires.com.ar\/index.php\/wp-json\/wp\/v2\/comments?post=34308"}],"version-history":[{"count":1,"href":"https:\/\/vocesdebaires.com.ar\/index.php\/wp-json\/wp\/v2\/posts\/34308\/revisions"}],"predecessor-version":[{"id":34310,"href":"https:\/\/vocesdebaires.com.ar\/index.php\/wp-json\/wp\/v2\/posts\/34308\/revisions\/34310"}],"wp:featuredmedia":[{"embeddable":true,"href":"https:\/\/vocesdebaires.com.ar\/index.php\/wp-json\/wp\/v2\/media\/34309"}],"wp:attachment":[{"href":"https:\/\/vocesdebaires.com.ar\/index.php\/wp-json\/wp\/v2\/media?parent=34308"}],"wp:term":[{"taxonomy":"category","embeddable":true,"href":"https:\/\/vocesdebaires.com.ar\/index.php\/wp-json\/wp\/v2\/categories?post=34308"},{"taxonomy":"post_tag","embeddable":true,"href":"https:\/\/vocesdebaires.com.ar\/index.php\/wp-json\/wp\/v2\/tags?post=34308"}],"curies":[{"name":"wp","href":"https:\/\/api.w.org\/{rel}","templated":true}]}}