{"id":34350,"date":"2021-08-26T00:00:47","date_gmt":"2021-08-26T03:00:47","guid":{"rendered":"https:\/\/vocesdebaires.com.ar\/?p=34350"},"modified":"2021-08-25T23:31:03","modified_gmt":"2021-08-26T02:31:03","slug":"santilli-recorrio-esteban-echeverria-junto-al-jefe-de-campana-de-la-coalicion","status":"publish","type":"post","link":"https:\/\/vocesdebaires.com.ar\/index.php\/2021\/08\/26\/santilli-recorrio-esteban-echeverria-junto-al-jefe-de-campana-de-la-coalicion\/","title":{"rendered":"Santilli: En Esteban Echeverr\u00eda junto al jefe de campa\u00f1a de la coalici\u00f3n"},"content":{"rendered":"<p>El precandidato a diputado nacional por Juntos Diego Santilli recorri\u00f3 ayer Esteban Echeverr\u00eda junto al jefe de campa\u00f1a de la coalici\u00f3n, N\u00e9stor Grindetti, y el precandidato a concejal Evert Van Tooren. \u00abLos delincuentes no pueden entrar por una puerta y salir por la otra. Hay que reformar el C\u00f3digo Procesal Penal\u00bb, asegur\u00f3. Durante la jornada dialogaron con los vecinos, quienes les manifestaron que sus principales preocupaciones giran en torno a tres temas: la inseguridad, el sistema educativo y el desempleo.<\/p>\n<p>Luego de la recorrida, Santilli destac\u00f3 los proyectos de ley que presentar\u00e1 ante el Congreso si accede a una banca en las pr\u00f3ximas elecciones legislativas: \u201cUn pa\u00eds seguro es aquel donde se detiene a los delincuentes, se los condena y cumplen la condena. Para detenerlos hay que sacar a los 15 mil polic\u00edas que hoy est\u00e1n haciendo tareas administrativas en la Polic\u00eda Bonaerense para que est\u00e9n en la calle. Eso es en la esquina de tu barrio, en la parada del colectivo, en las estaciones del tren, arriba de un patrullero.<\/p>\n<p>Despu\u00e9s hay que hacer que toda esa tarea de prevenci\u00f3n no sea en vano: que los delincuentes no entren por una puerta y salgan por la otra\u00bb.\u201cSe tendr\u00eda que modificar el C\u00f3digo Procesal Penal. Endurecimiento de las penas en t\u00e9rminos de la condena, que sea contundente para los delitos graves. Y que se cumpla la condena: no puede ser que por hacer un cursito a un asesino, a un violador o a un narcotraficante se le reduzcan las penas\u201d, asegur\u00f3.<\/p>\n<p>Respecto a sus propuestas en materia educativa, se\u00f1al\u00f3: \u201cSi med\u00eds los cuatro niveles educativos, se estima que son 500.000 los j\u00f3venes que abandonaron la educaci\u00f3n en la provincia de Buenos Aires. Hay que ir a buscarlos, uno por uno. Tenemos que saber qui\u00e9nes son esos chicos para traerlos, es el futuro de ellos y de sus familias\u201d. \u201cEl segundo tema es la obligatoriedad de la evaluaci\u00f3n. Es fundamental evaluar, pero no buscando el error, sino viendo qu\u00e9 nos falta y qu\u00e9 tenemos que corregir\u201d, explic\u00f3. Y agreg\u00f3: \u201cNecesitamos una ley de Emergencia Educativa para que de aqu\u00ed en adelante todas las escuelas con foco en la provincia de Buenos Aires tengan la infraestructura, el equipamiento y la conectividad adecuados para que en el futuro no haya una sola aula sin Wi-Fi\u201d.<\/p>\n<p>Respecto al desempleo, Santilli se\u00f1al\u00f3: \u201cTuve un di\u00e1logo franco con los comerciantes y me hablaron de que el trabajo no est\u00e1 en todos lados. Perder el trabajo, los problemas de las pymes y los comercios que cerraron las persianas son temas de la cotidianeidad. Lo que yo voy a aportar es mi experiencia. Mi experiencia es haber aportado en educaci\u00f3n, salud, seguridad y haber hecho un cambio profundo donde ten\u00e9s una base mucho m\u00e1s s\u00f3lida para volver a sostener nuestra identidad. \u00bfCu\u00e1l es nuestra identidad? Educarnos, trabajar, vivir en paz y ser libres. Tenemos que recuperar nuestra identidad, que est\u00e1 muy afectada\u201d.<\/p>\n<p>Por su parte, Grindetti manifest\u00f3: \u201cLa caracter\u00edstica de Juntos, desde que estamos en pol\u00edtica, es estar cerca de la gente. Nos gusta escuchar y llevar soluciones, no nos gusta la rosca. Nos gusta el tema del cara a cara con el vecino, de hecho yo lo hago mucho en Lan\u00fas, Ever lo hace ac\u00e1 y al \u2018Colo\u2019 le sale f\u00e1cil porque es parte de su personalidad\u201d. Asimismo, Van Tooren manifest\u00f3: \u201cLo que no queremos es que se haga marketing pol\u00edtico con la inseguridad. Necesitamos realmente abordar el tema de la inseguridad, pero con pol\u00edticas serias y que nos resuelvan los problemas a los vecinos, porque todos los que estamos ac\u00e1 estamos expuestos a la inseguridad\u201d.<\/p>\n","protected":false},"excerpt":{"rendered":"<p>El precandidato a diputado nacional por Juntos Diego Santilli recorri\u00f3 ayer Esteban Echeverr\u00eda junto al jefe de campa\u00f1a de la coalici\u00f3n, N\u00e9stor Grindetti, y el precandidato a concejal Evert Van Tooren. \u00abLos delincuentes no pueden entrar por una puerta y salir por la otra. Hay que reformar el C\u00f3digo Procesal Penal\u00bb, asegur\u00f3. Durante la jornada [&hellip;]<\/p>\n","protected":false},"author":2,"featured_media":34351,"comment_status":"open","ping_status":"open","sticky":false,"template":"","format":"standard","meta":{"_et_pb_use_builder":"","_et_pb_old_content":"","_et_gb_content_width":"","footnotes":""},"categories":[34,13],"tags":[],"class_list":["post-34350","post","type-post","status-publish","format-standard","has-post-thumbnail","hentry","category-politica","category-provincia"],"_links":{"self":[{"href":"https:\/\/vocesdebaires.com.ar\/index.php\/wp-json\/wp\/v2\/posts\/34350"}],"collection":[{"href":"https:\/\/vocesdebaires.com.ar\/index.php\/wp-json\/wp\/v2\/posts"}],"about":[{"href":"https:\/\/vocesdebaires.com.ar\/index.php\/wp-json\/wp\/v2\/types\/post"}],"author":[{"embeddable":true,"href":"https:\/\/vocesdebaires.com.ar\/index.php\/wp-json\/wp\/v2\/users\/2"}],"replies":[{"embeddable":true,"href":"https:\/\/vocesdebaires.com.ar\/index.php\/wp-json\/wp\/v2\/comments?post=34350"}],"version-history":[{"count":2,"href":"https:\/\/vocesdebaires.com.ar\/index.php\/wp-json\/wp\/v2\/posts\/34350\/revisions"}],"predecessor-version":[{"id":34353,"href":"https:\/\/vocesdebaires.com.ar\/index.php\/wp-json\/wp\/v2\/posts\/34350\/revisions\/34353"}],"wp:featuredmedia":[{"embeddable":true,"href":"https:\/\/vocesdebaires.com.ar\/index.php\/wp-json\/wp\/v2\/media\/34351"}],"wp:attachment":[{"href":"https:\/\/vocesdebaires.com.ar\/index.php\/wp-json\/wp\/v2\/media?parent=34350"}],"wp:term":[{"taxonomy":"category","embeddable":true,"href":"https:\/\/vocesdebaires.com.ar\/index.php\/wp-json\/wp\/v2\/categories?post=34350"},{"taxonomy":"post_tag","embeddable":true,"href":"https:\/\/vocesdebaires.com.ar\/index.php\/wp-json\/wp\/v2\/tags?post=34350"}],"curies":[{"name":"wp","href":"https:\/\/api.w.org\/{rel}","templated":true}]}}