{"id":34378,"date":"2021-08-27T00:00:36","date_gmt":"2021-08-27T03:00:36","guid":{"rendered":"https:\/\/vocesdebaires.com.ar\/?p=34378"},"modified":"2021-08-29T22:43:58","modified_gmt":"2021-08-30T01:43:58","slug":"santilli-y-su-companera-de-lista-graciela-ocana-visitaron-la-ciudad-de-lujan","status":"publish","type":"post","link":"https:\/\/vocesdebaires.com.ar\/index.php\/2021\/08\/27\/santilli-y-su-companera-de-lista-graciela-ocana-visitaron-la-ciudad-de-lujan\/","title":{"rendered":"Santilli junto a  Graciela Oca\u00f1a, visitaron la ciudad de Luj\u00e1n"},"content":{"rendered":"<p>El precandidato a diputado nacional por Juntos, Diego Santilli y su compa\u00f1era de lista, Graciela Oca\u00f1a, visitaron ayer la ciudad de Luj\u00e1n, donde mantuvieron reuniones bimodales con vecinos y recorrieron el centro para conversar con comerciantes, productores rurales y precandidatos locales.Una de las primeras consultas que recibi\u00f3 Santilli en Luj\u00e1n, fue sobre la viralizaci\u00f3n del video de la docente de La Matanza. \u201cEducar es que la gente pueda decidir, no es adoctrinar. Lo que se vio de la docente en La Matanza le hace mucho da\u00f1o a los argentinos, a los chicos y tambi\u00e9n a los docentes, en especial a los que tienen vocaci\u00f3n y amor por ense\u00f1ar\u201d, afirm\u00f3.<\/p>\n<p>A la vez agreg\u00f3: \u201cLos argentinos queremos educarnos, trabajar y vivir en paz. Eso es ser libres. Lo que representamos con Graciela, con Gerardo Milman, con Horacio y todo el equipo de Juntos es esa Argentina. La Argentina que quiere que sus hijos est\u00e9 en las escuelas, que quiere que sus hijos tengan un futuro mejor, que tengan un trabajo, que quiere estar seguro en sus calles y no tener miedo cuando vas a desarrollar tus actividades a que te pase algo\u201d.<\/p>\n<p>Santilli tambi\u00e9n coment\u00f3 sobre uno de los problemas que m\u00e1s aquejan a las zonas rurales de la Provincia de Buenos Aires: \u201cTuvimos una reuni\u00f3n con los productores, con el campo, con los chacareros que se rompen el lomo todos los d\u00edas. Cuidemos al campo, cuidemos al productor, cuidemos a los ganaderos que trabajan para poder acceder a los mercados y exportar carne. No puede ser que la medida del gobierno sea trabar la exportaci\u00f3n de carne. No repitamos los viejos errores. Se cumplieron 15 a\u00f1os de la prohibici\u00f3n de exportaci\u00f3n, y otra vez lo mismo. Esos errores son los que tenemos que aprender a no cometer m\u00e1s. Para eso, ten\u00e9s que ir a votar este 12 de septiembre\u201d.<\/p>\n<p>Por su parte, Oca\u00f1a destac\u00f3 que \u201clo importante es que como dice Diego, la gente vaya a votar porque desde Juntos les estamos dando la oportunidad de elegir qui\u00e9nes son sus mejores representantes de la oposici\u00f3n en el Congreso Nacional, pero tambi\u00e9n en la Legislatura y en los consejos deliberantes. Nosotros queremos que esa participaci\u00f3n se vuelque en eso, que la gente elija y que el 13 vamos a estar todos juntos, trabajando para sacar a Luj\u00e1n adelante para sacar la Argentina adelante\u201d. Finalizada la actividad en Luj\u00e1n, ambos precandidatos partieron rumbo a Mercedes, donde visitar\u00e1n empresas locales y mantendr\u00e1n encuentros presenciales y virtuales con vecinos, comerciantes y productores rurales.<\/p>\n","protected":false},"excerpt":{"rendered":"<p>El precandidato a diputado nacional por Juntos, Diego Santilli y su compa\u00f1era de lista, Graciela Oca\u00f1a, visitaron ayer la ciudad de Luj\u00e1n, donde mantuvieron reuniones bimodales con vecinos y recorrieron el centro para conversar con comerciantes, productores rurales y precandidatos locales.Una de las primeras consultas que recibi\u00f3 Santilli en Luj\u00e1n, fue sobre la viralizaci\u00f3n del [&hellip;]<\/p>\n","protected":false},"author":2,"featured_media":34379,"comment_status":"open","ping_status":"open","sticky":false,"template":"","format":"standard","meta":{"_et_pb_use_builder":"","_et_pb_old_content":"","_et_gb_content_width":"","footnotes":""},"categories":[34,13],"tags":[],"class_list":["post-34378","post","type-post","status-publish","format-standard","has-post-thumbnail","hentry","category-politica","category-provincia"],"_links":{"self":[{"href":"https:\/\/vocesdebaires.com.ar\/index.php\/wp-json\/wp\/v2\/posts\/34378"}],"collection":[{"href":"https:\/\/vocesdebaires.com.ar\/index.php\/wp-json\/wp\/v2\/posts"}],"about":[{"href":"https:\/\/vocesdebaires.com.ar\/index.php\/wp-json\/wp\/v2\/types\/post"}],"author":[{"embeddable":true,"href":"https:\/\/vocesdebaires.com.ar\/index.php\/wp-json\/wp\/v2\/users\/2"}],"replies":[{"embeddable":true,"href":"https:\/\/vocesdebaires.com.ar\/index.php\/wp-json\/wp\/v2\/comments?post=34378"}],"version-history":[{"count":2,"href":"https:\/\/vocesdebaires.com.ar\/index.php\/wp-json\/wp\/v2\/posts\/34378\/revisions"}],"predecessor-version":[{"id":34402,"href":"https:\/\/vocesdebaires.com.ar\/index.php\/wp-json\/wp\/v2\/posts\/34378\/revisions\/34402"}],"wp:featuredmedia":[{"embeddable":true,"href":"https:\/\/vocesdebaires.com.ar\/index.php\/wp-json\/wp\/v2\/media\/34379"}],"wp:attachment":[{"href":"https:\/\/vocesdebaires.com.ar\/index.php\/wp-json\/wp\/v2\/media?parent=34378"}],"wp:term":[{"taxonomy":"category","embeddable":true,"href":"https:\/\/vocesdebaires.com.ar\/index.php\/wp-json\/wp\/v2\/categories?post=34378"},{"taxonomy":"post_tag","embeddable":true,"href":"https:\/\/vocesdebaires.com.ar\/index.php\/wp-json\/wp\/v2\/tags?post=34378"}],"curies":[{"name":"wp","href":"https:\/\/api.w.org\/{rel}","templated":true}]}}