{"id":34508,"date":"2021-09-06T00:06:04","date_gmt":"2021-09-06T03:06:04","guid":{"rendered":"https:\/\/vocesdebaires.com.ar\/?p=34508"},"modified":"2021-09-06T00:07:20","modified_gmt":"2021-09-06T03:07:20","slug":"tabladaamia-condena-un-nuevo-acto-de-vandalismo-en-el-cementerio","status":"publish","type":"post","link":"https:\/\/vocesdebaires.com.ar\/index.php\/2021\/09\/06\/tabladaamia-condena-un-nuevo-acto-de-vandalismo-en-el-cementerio\/","title":{"rendered":"Tablada:AMIA condena un nuevo acto de vandalismo en el cementerio"},"content":{"rendered":"<p>En la madrugada de este domingo, a horas del comienzo de Rosh Hashan\u00e1, desconocidos ingresaron al cementerio comunitario de Tablada, cometiendo robos y destrozos a m\u00e1s de cien l\u00e1pidas del lugar. AMIA manifiesta, una vez m\u00e1s, su en\u00e9rgica condena ante este acto de vandalismo y reitera el reclamo a las autoridades del municipio de la Matanza. Reclamo elevado este mismo a\u00f1o en un encuentro con el ministro de Seguridad de la Provincia de Buenos Aires, Sergio Berni, para extremar las medidas de vigilancia en el lugar, as\u00ed como tambi\u00e9n profundizar la investigaci\u00f3n y encontrar a los responsables.<\/p>\n<p>Al igual que en ocasiones anteriormente denunciadas, esta profanaci\u00f3n se produjo a trav\u00e9s de la calle intermedia que divide las denominadas \u201cparte nueva\u201d y \u201cparte vieja\u201d del cementerio. Un sector desguarnecido por cuya seguridad se viene insistiendo desde hace a\u00f1os, a causa del abandono y la ausencia de control. Resulta importante destacar que desde hace a\u00f1os existe una ordenanza aprobada por el Concejo Deliberante del municipio para la cesi\u00f3n de dicha calle intermedia a AMIA y que su demora en la implementaci\u00f3n es inadmisible.<\/p>\n<p>AMIA lamenta que sus insistentes reclamos por cerrar esa calle no hayan obtenido hasta el momento las respuestas correspondientes, y reitera su exigencia para que de manera inmediata se establezcan las medidas de seguridad para garantizar que no vuelvan a ocurrir este tipo de delitos dentro de un lugar sagrado. Al finalizar el relevamiento que se est\u00e1 llevando adelante, AMIA se pondr\u00e1 en contacto con los familiares de los deudos cuyas sepulturas han sido violentadas, para notificarles acerca del alcance de los da\u00f1os perpetrados.<\/p>\n","protected":false},"excerpt":{"rendered":"<p>En la madrugada de este domingo, a horas del comienzo de Rosh Hashan\u00e1, desconocidos ingresaron al cementerio comunitario de Tablada, cometiendo robos y destrozos a m\u00e1s de cien l\u00e1pidas del lugar. AMIA manifiesta, una vez m\u00e1s, su en\u00e9rgica condena ante este acto de vandalismo y reitera el reclamo a las autoridades del municipio de la [&hellip;]<\/p>\n","protected":false},"author":2,"featured_media":34510,"comment_status":"open","ping_status":"open","sticky":false,"template":"","format":"standard","meta":{"_et_pb_use_builder":"","_et_pb_old_content":"","_et_gb_content_width":"","footnotes":""},"categories":[34,13],"tags":[],"class_list":["post-34508","post","type-post","status-publish","format-standard","has-post-thumbnail","hentry","category-politica","category-provincia"],"_links":{"self":[{"href":"https:\/\/vocesdebaires.com.ar\/index.php\/wp-json\/wp\/v2\/posts\/34508"}],"collection":[{"href":"https:\/\/vocesdebaires.com.ar\/index.php\/wp-json\/wp\/v2\/posts"}],"about":[{"href":"https:\/\/vocesdebaires.com.ar\/index.php\/wp-json\/wp\/v2\/types\/post"}],"author":[{"embeddable":true,"href":"https:\/\/vocesdebaires.com.ar\/index.php\/wp-json\/wp\/v2\/users\/2"}],"replies":[{"embeddable":true,"href":"https:\/\/vocesdebaires.com.ar\/index.php\/wp-json\/wp\/v2\/comments?post=34508"}],"version-history":[{"count":1,"href":"https:\/\/vocesdebaires.com.ar\/index.php\/wp-json\/wp\/v2\/posts\/34508\/revisions"}],"predecessor-version":[{"id":34509,"href":"https:\/\/vocesdebaires.com.ar\/index.php\/wp-json\/wp\/v2\/posts\/34508\/revisions\/34509"}],"wp:featuredmedia":[{"embeddable":true,"href":"https:\/\/vocesdebaires.com.ar\/index.php\/wp-json\/wp\/v2\/media\/34510"}],"wp:attachment":[{"href":"https:\/\/vocesdebaires.com.ar\/index.php\/wp-json\/wp\/v2\/media?parent=34508"}],"wp:term":[{"taxonomy":"category","embeddable":true,"href":"https:\/\/vocesdebaires.com.ar\/index.php\/wp-json\/wp\/v2\/categories?post=34508"},{"taxonomy":"post_tag","embeddable":true,"href":"https:\/\/vocesdebaires.com.ar\/index.php\/wp-json\/wp\/v2\/tags?post=34508"}],"curies":[{"name":"wp","href":"https:\/\/api.w.org\/{rel}","templated":true}]}}