{"id":3451,"date":"2019-02-08T03:10:33","date_gmt":"2019-02-08T06:10:33","guid":{"rendered":"http:\/\/vocesdebaires.com.ar\/wordpress\/index.php\/2019\/02\/08\/ritondo-derriban-bunker-de-venta-de-droga\/"},"modified":"2019-02-08T03:10:33","modified_gmt":"2019-02-08T06:10:33","slug":"ritondo-derriban-bunker-de-venta-de-droga","status":"publish","type":"post","link":"https:\/\/vocesdebaires.com.ar\/index.php\/2019\/02\/08\/ritondo-derriban-bunker-de-venta-de-droga\/","title":{"rendered":"Ritondo: Derriban b\u00fanker de venta de droga"},"content":{"rendered":"<p>El ministro de Seguridad de la provincia de Buenos Aires, Cristian Ritondo, supervis\u00f3 ayer el derribo del b\u00fanker de venta de droga n\u00famero 90 de la gesti\u00f3n, ubicado en la localidad de Gregorio de Laferrere, partido\u00a0 de La Matanza, donde estuvo acompa\u00f1ado por Diego Santilli, vicejefe del Gobierno de la Ciudad Aut\u00f3noma de Buenos Aires\u00a0 a cargo del Ministerio de Justicia y Seguridad porte\u00f1o. &quot;Son 90 golpes al narcotr\u00e1fico, 90 razones para seguir la lucha contra las drogas&quot;, asegur\u00f3 el funcionario provincial durante la demolici\u00f3n y sostuvo uno de cada tres bunkers se encontraba en el mencionado partido oeste del conurbano. &quot;M\u00e1s del 35 por ciento&quot;, afirm\u00f3.<\/p>\n<p>&quot;Uno de cada tres bunkers derribados fueron en La Matanza&quot;, explic\u00f3 el ministro y dijo: &quot;es una cifra que nos preocupa pero tambi\u00e9n demuestra el trabajo que venimos realizando y el objetivo de luchar contra\u00a0 el narcotr\u00e1fico&quot;.A su vez, el titular de la cartera de Seguridad, junto al jefe de la Polic\u00eda de la provincia de Buenos Aires, Comisario General Fabi\u00e1n Perroni, y Alejandro Rodr\u00edguez, Jefe de Gabinete y Protecci\u00f3n Ciudadana de La Matanza,\u00a0 sostuvo que &quot;estamos cortando de ra\u00edz un negocio tan ilegal como destructivo&quot; y remarc\u00f3 que &quot;el accionar es completo: demolemos los bunkers, quemamos la droga, detuvimos a los delincuentes y salvamos a los j\u00f3venes del infierno de las adicciones&quot;.<\/p>\n<p>Asimismo, el funcionario del gabinete de Mar\u00eda Eugenia Vidal agradeci\u00f3 y felicit\u00f3 a los efectivos de la Comisar\u00eda 1ra. de Laferrere, que trabajaron en forma conjunta con personal de todas las dependencias del \u00e1mbito Departamental La Matanza, personal del GAD La Matanza, Merlo, Moreno, Quilmes, Lan\u00fas, Exaltaci\u00f3n de la Cruz,\u00a0 Mercedes, Personal de Infanter\u00eda, Caballer\u00eda, Grupo Halc\u00f3n y la Polic\u00eda Local.<\/p>\n<p>&quot;Cada vez que se derriba un b\u00fanker, no se derriban s\u00f3lo cimientos y ladrillos, sino que se destruye la posibilidad concreta de que el narcotr\u00e1fico siga arruinando la vida de los pibes y pibas de la Provincia&quot;, finaliz\u00f3 Ritondo.\u00a0El operativo que permiti\u00f3 desbaratar a la banda que operaba en este b\u00fanker estuvo comprendido por trece allanamientos y arroj\u00f3 como resultado la aprehensi\u00f3n de doce sujetos y la incautaci\u00f3n de dos armas de fuego, coca\u00edna, marihuana, pasta base y dinero en efectivo producto de la venta de estupefacientes.<\/p>\n<p>Fotos: Ministerio de Seguridad de la Provincia de Buenos Aires<\/p>\n","protected":false},"excerpt":{"rendered":"<p>El ministro de Seguridad de la provincia de Buenos Aires, Cristian Ritondo, supervis\u00f3 ayer el derribo del b\u00fanker de venta de droga n\u00famero 90 de la gesti\u00f3n, ubicado en la localidad de Gregorio de Laferrere, partido\u00a0 de La Matanza, donde estuvo acompa\u00f1ado por Diego Santilli, vicejefe del Gobierno de la Ciudad Aut\u00f3noma de Buenos Aires\u00a0 [&hellip;]<\/p>\n","protected":false},"author":1,"featured_media":3452,"comment_status":"open","ping_status":"open","sticky":false,"template":"","format":"standard","meta":{"_et_pb_use_builder":"","_et_pb_old_content":"","_et_gb_content_width":"","footnotes":""},"categories":[34,13],"tags":[],"class_list":["post-3451","post","type-post","status-publish","format-standard","has-post-thumbnail","hentry","category-politica","category-provincia"],"_links":{"self":[{"href":"https:\/\/vocesdebaires.com.ar\/index.php\/wp-json\/wp\/v2\/posts\/3451"}],"collection":[{"href":"https:\/\/vocesdebaires.com.ar\/index.php\/wp-json\/wp\/v2\/posts"}],"about":[{"href":"https:\/\/vocesdebaires.com.ar\/index.php\/wp-json\/wp\/v2\/types\/post"}],"author":[{"embeddable":true,"href":"https:\/\/vocesdebaires.com.ar\/index.php\/wp-json\/wp\/v2\/users\/1"}],"replies":[{"embeddable":true,"href":"https:\/\/vocesdebaires.com.ar\/index.php\/wp-json\/wp\/v2\/comments?post=3451"}],"version-history":[{"count":0,"href":"https:\/\/vocesdebaires.com.ar\/index.php\/wp-json\/wp\/v2\/posts\/3451\/revisions"}],"wp:featuredmedia":[{"embeddable":true,"href":"https:\/\/vocesdebaires.com.ar\/index.php\/wp-json\/wp\/v2\/media\/3452"}],"wp:attachment":[{"href":"https:\/\/vocesdebaires.com.ar\/index.php\/wp-json\/wp\/v2\/media?parent=3451"}],"wp:term":[{"taxonomy":"category","embeddable":true,"href":"https:\/\/vocesdebaires.com.ar\/index.php\/wp-json\/wp\/v2\/categories?post=3451"},{"taxonomy":"post_tag","embeddable":true,"href":"https:\/\/vocesdebaires.com.ar\/index.php\/wp-json\/wp\/v2\/tags?post=3451"}],"curies":[{"name":"wp","href":"https:\/\/api.w.org\/{rel}","templated":true}]}}