{"id":34551,"date":"2021-09-10T00:16:13","date_gmt":"2021-09-10T03:16:13","guid":{"rendered":"https:\/\/vocesdebaires.com.ar\/?p=34551"},"modified":"2021-09-10T00:16:13","modified_gmt":"2021-09-10T03:16:13","slug":"inseguridad-berni-en-rosario-operacion-viento-blanco","status":"publish","type":"post","link":"https:\/\/vocesdebaires.com.ar\/index.php\/2021\/09\/10\/inseguridad-berni-en-rosario-operacion-viento-blanco\/","title":{"rendered":"Inseguridad: Berni en Rosario \u00abOperaci\u00f3n Viento Blanco\u00bb"},"content":{"rendered":"<p>En el d\u00eda de la fecha se llev\u00f3 a cabo un operativo de r\u00e1pido despliegue comandado y coordinado por el Ministro de Seguridad Sergio Berni, el Jefe de polic\u00eda de la provincia de Buenos Aires, Daniel Alberto Garc\u00eda, el Jefe de las Fuerzas Especiales, Walter Chucaloni y el sub Secretario de Inteligencia Criminal, Sebasti\u00e1n Ciatti, siguiendo una l\u00ednea investigativa que tuvo inicio el 15 de Mayo del corriente a\u00f1o respecto de una banda que comercializaba y distribu\u00eda estupefacientes desde la ciudad de Rosario provincia de Santa Fe hac\u00eda la localidad de San Nicol\u00e1s, provincia de BsAs.<\/p>\n<p>Gracias al esfuerzo puesto de manifiesto de los detectives de Drogas Il\u00edcitas, se logr\u00f3 identificar a sus autores por medio de la intervenci\u00f3n de varias l\u00edneas telef\u00f3nicas, a trav\u00e9s de 5400 horas de escuchas y transcripciones como Julio y Gonzalo VILLALBA, hermanos, oriundos de Rosario; quienes con la ayuda de Juan Ram\u00f3n ALTAMIRANDA, trafican la droga hacia esta provincia y luego Claudia Patricia GONZALEZ y su hijo Leonel RIVERO, la comercializan al menudeo en San Nicol\u00e1s y alrededores; a la vez que se certificaron sus domicilios logr\u00e1ndose as\u00ed la detenci\u00f3n de cuatro cabecillas.<\/p>\n<p>En cuando al Logo encontrado en los panes de coca\u00edna, resulta atribuible y similar al utilizado por la organizaci\u00f3n internacional narcocriminal, liderada por el llamado \u00abPatr\u00f3n del Norte\u00bb, Reinaldo Delf\u00edn CASTEDO, detenido tras ocho a\u00f1os de estar pr\u00f3fugo en 2016, existiendo antecedentes de secuestros de estos logos durante Marzo y Abril del cte. A\u00f1o, tanto en Santa Fe, como en Saavedra, Buenos Aires. De esta manera se puso fin a una importante organizaci\u00f3n, tras la detenci\u00f3n de sus principales l\u00edderes. En virtud de la peligrosidad de la zona a allanar se trabaj\u00f3 con grupos de apoyo de las F.O.E (Fuerzas de Operaciones Especiales) GAD, Grupo T\u00e1ctico Halc\u00f3n y UTOI, en total unos 220 efectivos.<\/p>\n<p><strong>Se ingres\u00f3 a la provincia de Santa Fe a las 2am terminando el operativo aproximadamente a las 4am. En las dos horas de trabajo los resultados fueron:<\/strong><br \/>\n<strong>Detenidos<\/strong><br \/>\nVillalba, Gonzalo Ezequiel (26 a\u00f1os)<br \/>\nVillalba, Julio Cesar (34 a\u00f1os)<br \/>\nAltamiranda, Juan Ram\u00f3n (37 a\u00f1os)<br \/>\nGonz\u00e1lez, Claudia Patricia (54 a\u00f1os) alias \u00abla Santafecina\u00bb<\/p>\n<p><strong>Aprendidos<\/strong><br \/>\nFuentes, Diego Omar (40 a\u00f1os)<\/p>\n<p><strong>Secuestro<\/strong><br \/>\nCoca\u00edna 12,530 Kg<br \/>\nMarihuana 20,040 Kg<br \/>\nBl\u00edster de pastillas para corte<br \/>\nRevolver cal 38<br \/>\nPistola Bersa cal 40<br \/>\nEscopeta cal 16<br \/>\nRifle cal 12<br \/>\nChaleco antibalas con inscripci\u00f3n policial<br \/>\nBalanza<br \/>\nTres celulares<br \/>\nRadio Motorola de dos bandas<br \/>\nHandy Motorola UHF y BHF<br \/>\nComo corolario, se informa que el valor aproximado de la sustancia secuestrada, supera los 25 millones de pesos en Argentina.<\/p>\n","protected":false},"excerpt":{"rendered":"<p>En el d\u00eda de la fecha se llev\u00f3 a cabo un operativo de r\u00e1pido despliegue comandado y coordinado por el Ministro de Seguridad Sergio Berni, el Jefe de polic\u00eda de la provincia de Buenos Aires, Daniel Alberto Garc\u00eda, el Jefe de las Fuerzas Especiales, Walter Chucaloni y el sub Secretario de Inteligencia Criminal, Sebasti\u00e1n Ciatti, [&hellip;]<\/p>\n","protected":false},"author":2,"featured_media":34552,"comment_status":"open","ping_status":"open","sticky":false,"template":"","format":"standard","meta":{"_et_pb_use_builder":"","_et_pb_old_content":"","_et_gb_content_width":"","footnotes":""},"categories":[34,13],"tags":[],"class_list":["post-34551","post","type-post","status-publish","format-standard","has-post-thumbnail","hentry","category-politica","category-provincia"],"_links":{"self":[{"href":"https:\/\/vocesdebaires.com.ar\/index.php\/wp-json\/wp\/v2\/posts\/34551"}],"collection":[{"href":"https:\/\/vocesdebaires.com.ar\/index.php\/wp-json\/wp\/v2\/posts"}],"about":[{"href":"https:\/\/vocesdebaires.com.ar\/index.php\/wp-json\/wp\/v2\/types\/post"}],"author":[{"embeddable":true,"href":"https:\/\/vocesdebaires.com.ar\/index.php\/wp-json\/wp\/v2\/users\/2"}],"replies":[{"embeddable":true,"href":"https:\/\/vocesdebaires.com.ar\/index.php\/wp-json\/wp\/v2\/comments?post=34551"}],"version-history":[{"count":1,"href":"https:\/\/vocesdebaires.com.ar\/index.php\/wp-json\/wp\/v2\/posts\/34551\/revisions"}],"predecessor-version":[{"id":34553,"href":"https:\/\/vocesdebaires.com.ar\/index.php\/wp-json\/wp\/v2\/posts\/34551\/revisions\/34553"}],"wp:featuredmedia":[{"embeddable":true,"href":"https:\/\/vocesdebaires.com.ar\/index.php\/wp-json\/wp\/v2\/media\/34552"}],"wp:attachment":[{"href":"https:\/\/vocesdebaires.com.ar\/index.php\/wp-json\/wp\/v2\/media?parent=34551"}],"wp:term":[{"taxonomy":"category","embeddable":true,"href":"https:\/\/vocesdebaires.com.ar\/index.php\/wp-json\/wp\/v2\/categories?post=34551"},{"taxonomy":"post_tag","embeddable":true,"href":"https:\/\/vocesdebaires.com.ar\/index.php\/wp-json\/wp\/v2\/tags?post=34551"}],"curies":[{"name":"wp","href":"https:\/\/api.w.org\/{rel}","templated":true}]}}