{"id":34588,"date":"2021-09-14T00:00:14","date_gmt":"2021-09-14T03:00:14","guid":{"rendered":"https:\/\/vocesdebaires.com.ar\/?p=34588"},"modified":"2021-09-13T20:27:54","modified_gmt":"2021-09-13T23:27:54","slug":"ambientefirmaron-convenio-para-la-construccion-de-viviendas-sustentables","status":"publish","type":"post","link":"https:\/\/vocesdebaires.com.ar\/index.php\/2021\/09\/14\/ambientefirmaron-convenio-para-la-construccion-de-viviendas-sustentables\/","title":{"rendered":"Ambiente:Firmaron convenio para la construcci\u00f3n de viviendas sustentables"},"content":{"rendered":"<p>El ministerio de Ambiente y Desarrollo Sostenible,y su par de Desarrollo Territorial y H\u00e1bitat, Jorge Ferraresi, encabezaron ayer lunes la firma del convenio de colaboraci\u00f3n que posibilitar\u00e1 la construcci\u00f3n de viviendas para guardaparques de la Administraci\u00f3n de Parques Nacionales (APN) de todas las regiones del pa\u00eds. \u201cEsto viene a cubrir un d\u00e9ficit habitacional importante, a mejorar la calidad de vida de las y los guardaparques que son quienes cuidan y protegen estos 39 parques nacionales que tenemos en todo el pa\u00eds, que es de vital importancia para conservar nuestros ecosistemas y tener una mejor calidad de vida\u201d, afirm\u00f3 el ministro luego de la reuni\u00f3n.<\/p>\n<p>Por su parte, Ferraresi hizo hincapi\u00e9 en la necesidad de seguir trabajando articuladamente de manera interministerial: \u201cCon este tipo de convenios estamos creando conciencia sobre la importancia del espacio p\u00fablico en el desarrollo comunitario, fomentando nuevas ideas en los programas vigentes de construcci\u00f3n de viviendas urbanas, colectivas y rurales que sean respetuosas del medio ambiente\u201d.A trav\u00e9s del mismo, se reafirma el papel formador de ambos Ministerios en las pol\u00edticas de planificaci\u00f3n de nuevas ciudades, ya que aporta soluciones a la problem\u00e1tica ambiental, permitiendo la integraci\u00f3n de los factores econ\u00f3micos, pol\u00edticos, culturales y sociales.<\/p>\n<p>Adem\u00e1s, concientiza sobre el cambio clim\u00e1tico entregando a las futuras familias una planta aut\u00f3ctona para fomentar una \u00e9tica de la solidaridad con las generaciones futuras y el derecho de la sociedad a un ambiente m\u00e1s sano. Las familias que reciban la vivienda construida por los programas vigentes contar\u00e1n con formaci\u00f3n y capacitaci\u00f3n en talleres de huertas urbanas agroecol\u00f3gicas y de compostaje, que permitir\u00e1n impulsar el compromiso ciudadano orientado a la acci\u00f3n y hacia un pensamiento de responsabilidad global.<\/p>\n<p>Estuvieron presentes durante el acto de firma la jefa de Gabinete del Ministerio de Ambiente de la Naci\u00f3n, Soledad Cantero; el presidente de APN, Lautaro Erratchu; la vicepresidenta del mismo organismo, Natalia Jauri; el director Nacional de Operaciones, Federico Danilo Granato, y el director General de Administraci\u00f3n, Joaqu\u00edn Larra\u00f1aga. Tambi\u00e9n participaron los secretarios de H\u00e1bitat, Santiago Maggiotti; de Desarrollo Territorial, Luciano Scatolini; y de Coordinaci\u00f3n, Guillermo Pesce.<\/p>\n","protected":false},"excerpt":{"rendered":"<p>El ministerio de Ambiente y Desarrollo Sostenible,y su par de Desarrollo Territorial y H\u00e1bitat, Jorge Ferraresi, encabezaron ayer lunes la firma del convenio de colaboraci\u00f3n que posibilitar\u00e1 la construcci\u00f3n de viviendas para guardaparques de la Administraci\u00f3n de Parques Nacionales (APN) de todas las regiones del pa\u00eds. \u201cEsto viene a cubrir un d\u00e9ficit habitacional importante, a [&hellip;]<\/p>\n","protected":false},"author":2,"featured_media":34589,"comment_status":"open","ping_status":"open","sticky":false,"template":"","format":"standard","meta":{"_et_pb_use_builder":"","_et_pb_old_content":"","_et_gb_content_width":"","footnotes":""},"categories":[34,13],"tags":[],"class_list":["post-34588","post","type-post","status-publish","format-standard","has-post-thumbnail","hentry","category-politica","category-provincia"],"_links":{"self":[{"href":"https:\/\/vocesdebaires.com.ar\/index.php\/wp-json\/wp\/v2\/posts\/34588"}],"collection":[{"href":"https:\/\/vocesdebaires.com.ar\/index.php\/wp-json\/wp\/v2\/posts"}],"about":[{"href":"https:\/\/vocesdebaires.com.ar\/index.php\/wp-json\/wp\/v2\/types\/post"}],"author":[{"embeddable":true,"href":"https:\/\/vocesdebaires.com.ar\/index.php\/wp-json\/wp\/v2\/users\/2"}],"replies":[{"embeddable":true,"href":"https:\/\/vocesdebaires.com.ar\/index.php\/wp-json\/wp\/v2\/comments?post=34588"}],"version-history":[{"count":1,"href":"https:\/\/vocesdebaires.com.ar\/index.php\/wp-json\/wp\/v2\/posts\/34588\/revisions"}],"predecessor-version":[{"id":34590,"href":"https:\/\/vocesdebaires.com.ar\/index.php\/wp-json\/wp\/v2\/posts\/34588\/revisions\/34590"}],"wp:featuredmedia":[{"embeddable":true,"href":"https:\/\/vocesdebaires.com.ar\/index.php\/wp-json\/wp\/v2\/media\/34589"}],"wp:attachment":[{"href":"https:\/\/vocesdebaires.com.ar\/index.php\/wp-json\/wp\/v2\/media?parent=34588"}],"wp:term":[{"taxonomy":"category","embeddable":true,"href":"https:\/\/vocesdebaires.com.ar\/index.php\/wp-json\/wp\/v2\/categories?post=34588"},{"taxonomy":"post_tag","embeddable":true,"href":"https:\/\/vocesdebaires.com.ar\/index.php\/wp-json\/wp\/v2\/tags?post=34588"}],"curies":[{"name":"wp","href":"https:\/\/api.w.org\/{rel}","templated":true}]}}