{"id":34591,"date":"2021-09-14T00:00:08","date_gmt":"2021-09-14T03:00:08","guid":{"rendered":"https:\/\/vocesdebaires.com.ar\/?p=34591"},"modified":"2021-09-13T20:31:34","modified_gmt":"2021-09-13T23:31:34","slug":"santilli-quedo-claro-que-hay-esperanza-y-futuro-en-argentina-y-la-provincia","status":"publish","type":"post","link":"https:\/\/vocesdebaires.com.ar\/index.php\/2021\/09\/14\/santilli-quedo-claro-que-hay-esperanza-y-futuro-en-argentina-y-la-provincia\/","title":{"rendered":"Santilli:\u00bb Qued\u00f3 claro que hay esperanza y futuro en Argentina y la provincia\u00bb"},"content":{"rendered":"<p>El candidato a diputado nacional de Juntos, Diego Santilli, recorri\u00f3 ayer por la\u00a0 tarde el centro comercial ubicado en General Pacheco, Tigre. Junto a Segundo Cernadas, Santilli asegur\u00f3 que \u00abel gobierno tiene que escuchar m\u00e1s y debe terminar con el relato y la improvisaci\u00f3n permanente\u00bb. El candidato a diputado de Juntos en la provincia de Buenos Aires, Santilli, recorri\u00f3 ayer la ciudad de Tigre y afirm\u00f3: \u00abme siento muy agradecido a todos los bonaerenses que nos votaron. Lo tomo con mucha humildad este triunfo. Ahora tenemos que volver a empezar, a caminar, a recorrer y a proponer. Qued\u00f3 claro este domingo que hay esperanza y futuro en la provincia y en la Argentina\u00bb.<\/p>\n<p>\u00abEl desaf\u00edo que tenemos es seguir sumando. Nos comprometimos con Facundo a estar trabajando juntos desde el 12 y ayer se vio. La sociedad ya vot\u00f3. Y ahora tenemos que seguir recorriendo la provincia juntos para seguir creciendo de cara a la elecci\u00f3n del 14 de noviembre. Este triunfo lo construimos juntos, cada uno con sus identidades y sus propuestas, pero compartiendo los mismos valores y en un espacio en com\u00fan que es Juntos en la provincia\u00bb, dijo Santilli sobre el resultado de la Primaria de Juntos, donde estuvo acompa\u00f1ado por Segundo Cernadas. En una caminata donde convers\u00f3 con los vecinos y comerciantes de General Pacheco, Santilli concluy\u00f3: \u00abLos argentinos se expresaron ayer. A favor de la escuelas abiertas, a favor del trabajo, a favor de la seguridad. El gobierno tiene que escuchar m\u00e1s y debe terminar con el relato y la improvisaci\u00f3n permanente\u00bb.<\/p>\n","protected":false},"excerpt":{"rendered":"<p>El candidato a diputado nacional de Juntos, Diego Santilli, recorri\u00f3 ayer por la\u00a0 tarde el centro comercial ubicado en General Pacheco, Tigre. Junto a Segundo Cernadas, Santilli asegur\u00f3 que \u00abel gobierno tiene que escuchar m\u00e1s y debe terminar con el relato y la improvisaci\u00f3n permanente\u00bb. El candidato a diputado de Juntos en la provincia de [&hellip;]<\/p>\n","protected":false},"author":2,"featured_media":34592,"comment_status":"open","ping_status":"open","sticky":false,"template":"","format":"standard","meta":{"_et_pb_use_builder":"","_et_pb_old_content":"","_et_gb_content_width":"","footnotes":""},"categories":[34,13],"tags":[],"class_list":["post-34591","post","type-post","status-publish","format-standard","has-post-thumbnail","hentry","category-politica","category-provincia"],"_links":{"self":[{"href":"https:\/\/vocesdebaires.com.ar\/index.php\/wp-json\/wp\/v2\/posts\/34591"}],"collection":[{"href":"https:\/\/vocesdebaires.com.ar\/index.php\/wp-json\/wp\/v2\/posts"}],"about":[{"href":"https:\/\/vocesdebaires.com.ar\/index.php\/wp-json\/wp\/v2\/types\/post"}],"author":[{"embeddable":true,"href":"https:\/\/vocesdebaires.com.ar\/index.php\/wp-json\/wp\/v2\/users\/2"}],"replies":[{"embeddable":true,"href":"https:\/\/vocesdebaires.com.ar\/index.php\/wp-json\/wp\/v2\/comments?post=34591"}],"version-history":[{"count":1,"href":"https:\/\/vocesdebaires.com.ar\/index.php\/wp-json\/wp\/v2\/posts\/34591\/revisions"}],"predecessor-version":[{"id":34593,"href":"https:\/\/vocesdebaires.com.ar\/index.php\/wp-json\/wp\/v2\/posts\/34591\/revisions\/34593"}],"wp:featuredmedia":[{"embeddable":true,"href":"https:\/\/vocesdebaires.com.ar\/index.php\/wp-json\/wp\/v2\/media\/34592"}],"wp:attachment":[{"href":"https:\/\/vocesdebaires.com.ar\/index.php\/wp-json\/wp\/v2\/media?parent=34591"}],"wp:term":[{"taxonomy":"category","embeddable":true,"href":"https:\/\/vocesdebaires.com.ar\/index.php\/wp-json\/wp\/v2\/categories?post=34591"},{"taxonomy":"post_tag","embeddable":true,"href":"https:\/\/vocesdebaires.com.ar\/index.php\/wp-json\/wp\/v2\/tags?post=34591"}],"curies":[{"name":"wp","href":"https:\/\/api.w.org\/{rel}","templated":true}]}}