{"id":34611,"date":"2021-09-15T00:26:12","date_gmt":"2021-09-15T03:26:12","guid":{"rendered":"https:\/\/vocesdebaires.com.ar\/?p=34611"},"modified":"2021-09-15T00:26:12","modified_gmt":"2021-09-15T03:26:12","slug":"santilli-la-sociedad-dijo-el-domingo-que-quiere-un-nuevo-rumbo","status":"publish","type":"post","link":"https:\/\/vocesdebaires.com.ar\/index.php\/2021\/09\/15\/santilli-la-sociedad-dijo-el-domingo-que-quiere-un-nuevo-rumbo\/","title":{"rendered":"Santilli: \u00abLa sociedad dijo el domingo que quiere un nuevo rumbo\u00bb"},"content":{"rendered":"<p>El candidato a diputado nacional de Juntos, Diego Santilli, recorri\u00f3 este martes por la ma\u00f1ana la ciudad de Ituzaing\u00f3. Durante una caminata en la que convers\u00f3 con vecinos y comerciantes asegur\u00f3 que \u00abla sociedad dijo el domingo que quiere un nuevo rumbo, un destino diferente. No quiere m\u00e1s un Estado que en lugar de hacerse cargo de los problemas, le echa la culpa al otro. Siento que hay una esperanza de no resignarse\u00bb.<\/p>\n<p>\u00abHicimos una primaria donde hemos participado con Facundo Manes y nos comprometimos a trabajar juntos, apostamos a la uni\u00f3n en la diversidad. Ambos hicimos una buena elecci\u00f3n, cada uno le aport\u00f3 lo suyo al espacio. Ambos estamos en Juntos. La sociedad vot\u00f3 a Juntos, con sus diferentes miradas. Ahora iremos a caminar juntos cada rinc\u00f3n de la Provincia\u00bb, expres\u00f3 Santilli, quien estuvo acompa\u00f1ado por Gast\u00f3n Di Castelnuevo, ganador de la primaria de Juntos en Ituzaing\u00f3.<\/p>\n<p>Para el candidato a diputado de Juntos, \u201clos votos no son ni de Santilli ni de Manes, sino de la gente; no hay que subestimar a la sociedad que el domingo pasado fue a votar y a expresar su visi\u00f3n de provincia y de pa\u00eds\u201d.\u00bbPara nosotros \u2013agreg\u00f3- la del domingo era una elecci\u00f3n Primaria donde la gente decid\u00eda como se formaba nuestra lista, por eso dije pase lo que pase, con Facundo Manes esper\u00e1bamos el resultado de la elecci\u00f3n, pero yo sent\u00eda el cari\u00f1o de la gente. Nosotros sumamos, ampliamos la diversidad logrando una buena elecci\u00f3n y hoy estamos contentos\u00bb.<\/p>\n<p>\u00abCreo que hay que poner arriba de la mesa las soluciones a los problemas concretos, por supuesto que hay que tener acuerdos para salir adelante, la evaluaci\u00f3n educativa debe ser obligatoria, otro tema es generar trabajo privado. Con Facundo Manes vamos a recorrer juntos la provincia para ganarle al kirchnerismo, el 12 de septiembre ya estuvimos juntos, es lo que la sociedad vot\u00f3\u00bb, complet\u00f3 Santilli durante su recorrida por \u201cEl Jard\u00edn del Oeste\u201d.<\/p>\n","protected":false},"excerpt":{"rendered":"<p>El candidato a diputado nacional de Juntos, Diego Santilli, recorri\u00f3 este martes por la ma\u00f1ana la ciudad de Ituzaing\u00f3. Durante una caminata en la que convers\u00f3 con vecinos y comerciantes asegur\u00f3 que \u00abla sociedad dijo el domingo que quiere un nuevo rumbo, un destino diferente. No quiere m\u00e1s un Estado que en lugar de hacerse [&hellip;]<\/p>\n","protected":false},"author":2,"featured_media":34612,"comment_status":"open","ping_status":"open","sticky":false,"template":"","format":"standard","meta":{"_et_pb_use_builder":"","_et_pb_old_content":"","_et_gb_content_width":"","footnotes":""},"categories":[34,13],"tags":[],"class_list":["post-34611","post","type-post","status-publish","format-standard","has-post-thumbnail","hentry","category-politica","category-provincia"],"_links":{"self":[{"href":"https:\/\/vocesdebaires.com.ar\/index.php\/wp-json\/wp\/v2\/posts\/34611"}],"collection":[{"href":"https:\/\/vocesdebaires.com.ar\/index.php\/wp-json\/wp\/v2\/posts"}],"about":[{"href":"https:\/\/vocesdebaires.com.ar\/index.php\/wp-json\/wp\/v2\/types\/post"}],"author":[{"embeddable":true,"href":"https:\/\/vocesdebaires.com.ar\/index.php\/wp-json\/wp\/v2\/users\/2"}],"replies":[{"embeddable":true,"href":"https:\/\/vocesdebaires.com.ar\/index.php\/wp-json\/wp\/v2\/comments?post=34611"}],"version-history":[{"count":1,"href":"https:\/\/vocesdebaires.com.ar\/index.php\/wp-json\/wp\/v2\/posts\/34611\/revisions"}],"predecessor-version":[{"id":34613,"href":"https:\/\/vocesdebaires.com.ar\/index.php\/wp-json\/wp\/v2\/posts\/34611\/revisions\/34613"}],"wp:featuredmedia":[{"embeddable":true,"href":"https:\/\/vocesdebaires.com.ar\/index.php\/wp-json\/wp\/v2\/media\/34612"}],"wp:attachment":[{"href":"https:\/\/vocesdebaires.com.ar\/index.php\/wp-json\/wp\/v2\/media?parent=34611"}],"wp:term":[{"taxonomy":"category","embeddable":true,"href":"https:\/\/vocesdebaires.com.ar\/index.php\/wp-json\/wp\/v2\/categories?post=34611"},{"taxonomy":"post_tag","embeddable":true,"href":"https:\/\/vocesdebaires.com.ar\/index.php\/wp-json\/wp\/v2\/tags?post=34611"}],"curies":[{"name":"wp","href":"https:\/\/api.w.org\/{rel}","templated":true}]}}