{"id":34734,"date":"2021-09-27T00:00:26","date_gmt":"2021-09-27T03:00:26","guid":{"rendered":"https:\/\/vocesdebaires.com.ar\/?p=34734"},"modified":"2021-09-26T15:55:19","modified_gmt":"2021-09-26T18:55:19","slug":"las-paso-santilli-dijo-los-bonaerenses-quieren-otra-provincia","status":"publish","type":"post","link":"https:\/\/vocesdebaires.com.ar\/index.php\/2021\/09\/27\/las-paso-santilli-dijo-los-bonaerenses-quieren-otra-provincia\/","title":{"rendered":"Las PASO: Santilli ,dijo los bonaerenses quieren otra Provincia"},"content":{"rendered":"<p>El candidato a diputado nacional por Juntos, Diego Santilli, estuvo con el intendente radical Gustavo Posse en San Isidro, y recorri\u00f3 las localidades de Hurlingham y Merlo con los candidatos a concejales Lucas Delfino y David Zencich. El pasado viernes, el candidato a diputado nacional Diego Santilli recorri\u00f3 las localidades de San Isidro, Hurlingham y Merlo, ubicadas en la Primera secci\u00f3n electoral. \u00abEn las PASO qued\u00f3 claro que los bonaerenses quieren otra Provincia y otra Argentina\u00bb, asegur\u00f3 el candidato por Juntos en di\u00e1logo con medios locales. \u00abTenemos una responsabilidad enorme. En las PASO qued\u00f3 claro que los bonaerenses quieren otra Provincia y otra Argentina.<\/p>\n<p>Los bonaerenses quieren vivir en paz y en tranquilidad\u201d, subray\u00f3 Santilli. Por otra parte, sostuvo que \u201cel Gobierno sigue ausente, mientras crecen los problemas\u201d. \u201cLos vecinos y comerciantes bonaerenses se sienten inseguros, no viven tranquilos\u201d, remarc\u00f3. En ese sentido, destac\u00f3: \u201cCrece la inseguridad y el Gobierno sigue mirando para otro lado\u201d. En los tres municipios, Santilli recorri\u00f3 centros comerciales, convers\u00f3 con vecinos y con due\u00f1os de Pymes de Merlo, Hurlingham y San Isidro. En la recorrida de San Isidro tambi\u00e9n estuvo la candidata a concejal Macarena Posse.<\/p>\n<p>\u201cHace un a\u00f1o y medio que el Gobierno les da la espalda a los comerciantes y las Pymes\u201d, cuestion\u00f3. En ese sentido, subray\u00f3: \u201cEs insoportable la presi\u00f3n fiscal que sufren y el Gobierno solo responde con m\u00e1s impuestos\u201d.Despu\u00e9s de las elecciones primarias del 12 de septiembre, Santilli continu\u00f3 con las recorridas y visit\u00f3 m\u00e1s de 10 municipios en conjunto con los candidatos y referentes locales de la coalici\u00f3n Juntos. Adem\u00e1s, en los pr\u00f3ximos d\u00edas seguir\u00e1n las recorridas junto a Facundo Manes y Graciela Oca\u00f1a.<\/p>\n","protected":false},"excerpt":{"rendered":"<p>El candidato a diputado nacional por Juntos, Diego Santilli, estuvo con el intendente radical Gustavo Posse en San Isidro, y recorri\u00f3 las localidades de Hurlingham y Merlo con los candidatos a concejales Lucas Delfino y David Zencich. El pasado viernes, el candidato a diputado nacional Diego Santilli recorri\u00f3 las localidades de San Isidro, Hurlingham y [&hellip;]<\/p>\n","protected":false},"author":2,"featured_media":34735,"comment_status":"open","ping_status":"open","sticky":false,"template":"","format":"standard","meta":{"_et_pb_use_builder":"","_et_pb_old_content":"","_et_gb_content_width":"","footnotes":""},"categories":[34,13],"tags":[],"class_list":["post-34734","post","type-post","status-publish","format-standard","has-post-thumbnail","hentry","category-politica","category-provincia"],"_links":{"self":[{"href":"https:\/\/vocesdebaires.com.ar\/index.php\/wp-json\/wp\/v2\/posts\/34734"}],"collection":[{"href":"https:\/\/vocesdebaires.com.ar\/index.php\/wp-json\/wp\/v2\/posts"}],"about":[{"href":"https:\/\/vocesdebaires.com.ar\/index.php\/wp-json\/wp\/v2\/types\/post"}],"author":[{"embeddable":true,"href":"https:\/\/vocesdebaires.com.ar\/index.php\/wp-json\/wp\/v2\/users\/2"}],"replies":[{"embeddable":true,"href":"https:\/\/vocesdebaires.com.ar\/index.php\/wp-json\/wp\/v2\/comments?post=34734"}],"version-history":[{"count":1,"href":"https:\/\/vocesdebaires.com.ar\/index.php\/wp-json\/wp\/v2\/posts\/34734\/revisions"}],"predecessor-version":[{"id":34736,"href":"https:\/\/vocesdebaires.com.ar\/index.php\/wp-json\/wp\/v2\/posts\/34734\/revisions\/34736"}],"wp:featuredmedia":[{"embeddable":true,"href":"https:\/\/vocesdebaires.com.ar\/index.php\/wp-json\/wp\/v2\/media\/34735"}],"wp:attachment":[{"href":"https:\/\/vocesdebaires.com.ar\/index.php\/wp-json\/wp\/v2\/media?parent=34734"}],"wp:term":[{"taxonomy":"category","embeddable":true,"href":"https:\/\/vocesdebaires.com.ar\/index.php\/wp-json\/wp\/v2\/categories?post=34734"},{"taxonomy":"post_tag","embeddable":true,"href":"https:\/\/vocesdebaires.com.ar\/index.php\/wp-json\/wp\/v2\/tags?post=34734"}],"curies":[{"name":"wp","href":"https:\/\/api.w.org\/{rel}","templated":true}]}}