{"id":3475,"date":"2019-02-06T03:00:00","date_gmt":"2019-02-06T06:00:00","guid":{"rendered":"http:\/\/vocesdebaires.com.ar\/wordpress\/index.php\/2019\/02\/06\/ciudad-habra-nuevas-senales-viales\/"},"modified":"2019-02-06T03:00:00","modified_gmt":"2019-02-06T06:00:00","slug":"ciudad-habra-nuevas-senales-viales","status":"publish","type":"post","link":"https:\/\/vocesdebaires.com.ar\/index.php\/2019\/02\/06\/ciudad-habra-nuevas-senales-viales\/","title":{"rendered":"Ciudad: Habr\u00e1 nuevas se\u00f1ales viales"},"content":{"rendered":"<p>Al transitar por la calle, todos debemos tomar las precauciones necesarias y respetar las se\u00f1ales viales. Su uso responsable resulta clave para los conductores, los ciclistas y tambi\u00e9n para los peatones. A partir de un nuevo sistema de se\u00f1alizaci\u00f3n se incorporan nuevos dise\u00f1os destinados al ciclista y al peat\u00f3n. Los nuevos elementos deber\u00e1n usarse en toda obra oficial o privada que se haga en la v\u00eda p\u00fablica de la Ciudad de Buenos Aires.<\/p>\n<p>Los sistemas de se\u00f1alizaci\u00f3n transitoria, que son los que se utilizan para las obras, tienen la caracter\u00edstica de utilizar el color naranja. Esto responde a la normativa internacional, y por ese motivo, se llev\u00f3 adelante una revisi\u00f3n integral de todos los componentes que se utilizan hoy en la ciudad para la se\u00f1alizaci\u00f3n de las obras, con el objetivo de normalizarlos y asegurar una lectura uniforme y clara, que permita que la experiencia de movilidad sea m\u00e1s segura y m\u00e1s agradable.<\/p>\n<p>Esta se\u00f1alizaci\u00f3n constituye un recurso para acortar el impacto de los cortes eventuales en las v\u00edas de circulaci\u00f3n de personas y veh\u00edculos. El objetivo tambi\u00e9n est\u00e1 orientado a favorecer la fluidez en el tr\u00e1nsito reducir las incomodidades que pudieran generarse por cambios inevitables en el paso de los peatones y en la direcci\u00f3n del tr\u00e1nsito de las calles afectadas. Todas estas se\u00f1ales con dise\u00f1o actualizado ser\u00e1n de uso obligatorio para todos aquellos que emprendan arreglos o alguna obra en el espacio p\u00fablico.<\/p>\n<p>En el Manual de Se\u00f1alizaci\u00f3n Vial Transitoria se presentan dos categor\u00edas: las se\u00f1ales verticales, que son las destinadas para el uso peatonal, para los ciclistas y para medios motorizados; y los dispositivos de seguridad, que son los elementos que se utilizan para canalizaci\u00f3n del tr\u00e1nsito junto con artefactos preventivos de se\u00f1alizaci\u00f3n luminosa.En las nuevas se\u00f1ales viales transitorias se destacan la referidas a \u201cdesv\u00edo peatonal\u201d y \u201cdesv\u00edo ciclista&quot; en cuyas im\u00e1genes se ve un peat\u00f3n y una bicicleta con una flecha por delante indicando el desv\u00edo.<\/p>\n<p>DESCARG\u00c1 EL MANUAL: <a href=&quot;https:\/\/www.buenosaires.gob.ar\/sites\/gcaba\/files\/msvt&quot;>https:\/\/www.buenosaires.gob.ar\/sites\/gcaba\/files\/msvt<\/a><\/p>\n","protected":false},"excerpt":{"rendered":"<p>Al transitar por la calle, todos debemos tomar las precauciones necesarias y respetar las se\u00f1ales viales. Su uso responsable resulta clave para los conductores, los ciclistas y tambi\u00e9n para los peatones. A partir de un nuevo sistema de se\u00f1alizaci\u00f3n se incorporan nuevos dise\u00f1os destinados al ciclista y al peat\u00f3n. Los nuevos elementos deber\u00e1n usarse en [&hellip;]<\/p>\n","protected":false},"author":1,"featured_media":3476,"comment_status":"open","ping_status":"open","sticky":false,"template":"","format":"standard","meta":{"_et_pb_use_builder":"","_et_pb_old_content":"","_et_gb_content_width":"","footnotes":""},"categories":[11,36],"tags":[],"class_list":["post-3475","post","type-post","status-publish","format-standard","has-post-thumbnail","hentry","category-ciudad","category-transito-2"],"_links":{"self":[{"href":"https:\/\/vocesdebaires.com.ar\/index.php\/wp-json\/wp\/v2\/posts\/3475"}],"collection":[{"href":"https:\/\/vocesdebaires.com.ar\/index.php\/wp-json\/wp\/v2\/posts"}],"about":[{"href":"https:\/\/vocesdebaires.com.ar\/index.php\/wp-json\/wp\/v2\/types\/post"}],"author":[{"embeddable":true,"href":"https:\/\/vocesdebaires.com.ar\/index.php\/wp-json\/wp\/v2\/users\/1"}],"replies":[{"embeddable":true,"href":"https:\/\/vocesdebaires.com.ar\/index.php\/wp-json\/wp\/v2\/comments?post=3475"}],"version-history":[{"count":0,"href":"https:\/\/vocesdebaires.com.ar\/index.php\/wp-json\/wp\/v2\/posts\/3475\/revisions"}],"wp:featuredmedia":[{"embeddable":true,"href":"https:\/\/vocesdebaires.com.ar\/index.php\/wp-json\/wp\/v2\/media\/3476"}],"wp:attachment":[{"href":"https:\/\/vocesdebaires.com.ar\/index.php\/wp-json\/wp\/v2\/media?parent=3475"}],"wp:term":[{"taxonomy":"category","embeddable":true,"href":"https:\/\/vocesdebaires.com.ar\/index.php\/wp-json\/wp\/v2\/categories?post=3475"},{"taxonomy":"post_tag","embeddable":true,"href":"https:\/\/vocesdebaires.com.ar\/index.php\/wp-json\/wp\/v2\/tags?post=3475"}],"curies":[{"name":"wp","href":"https:\/\/api.w.org\/{rel}","templated":true}]}}