{"id":34789,"date":"2021-09-30T00:00:55","date_gmt":"2021-09-30T03:00:55","guid":{"rendered":"https:\/\/vocesdebaires.com.ar\/?p=34789"},"modified":"2021-09-29T21:53:07","modified_gmt":"2021-09-30T00:53:07","slug":"pilar-santilli-junto-a-neuspiller-los-votos-son-de-la-gente-no-de-los-dirigentes","status":"publish","type":"post","link":"https:\/\/vocesdebaires.com.ar\/index.php\/2021\/09\/30\/pilar-santilli-junto-a-neuspiller-los-votos-son-de-la-gente-no-de-los-dirigentes\/","title":{"rendered":"Pilar Santilli junto a Neuspiller:\u00bb Los votos son de la gente\u00bb"},"content":{"rendered":"<p>El candidato a diputado nacional de Juntos, Diego Santilli, visit\u00f3 Pilar. Durante el d\u00eda se reuni\u00f3 con el ganador de la interna local, Sebasti\u00e1n Neuspiller y vecinos de la ciudad. \u00abNotamos muchas ganas de consolidar el cambio que empezamos en las Paso. Los votos son de la gente, no de los dirigentes. Si el gobierno pretende subestimarlos, se equivoca\u201d, asegur\u00f3 Santilli. \u201cSiempre es bueno recibir al Colo. Pilar es mi casa y es un lugar muy cercano para \u00e9l tambi\u00e9n. Pudimos recorrer un poco, charlar con vecinos y comerciantes. Nos acompa\u00f1aron el resto de los candidatos de la lista\u201d, explic\u00f3 Neuspiller.<\/p>\n<p>\u00abEl 12 de septiembre los bonaerenses manifestaron su rechazo a un gobierno nacional y provincial que profundiz\u00f3 los problemas hist\u00f3ricos de la provincia y el pa\u00eds por falta de gesti\u00f3n y planificaci\u00f3n, e improvisar permanentemente\u201d, asegur\u00f3 el candidato a diputado nacional. \u201cDesde que tuvimos los resultados de las PASO estamos trabajando en la campa\u00f1a para noviembre. Nunca dejamos de caminar y recorrer Pilar. Nuestro lugar es cerca de la gente que la est\u00e1 pasando mal y necesita que la representemos, no nos enredamos en peleas pol\u00edticas. Ese tiempo ya termin\u00f3, los pilarenses nos eligieron y ahora tenemos que salir a representarlos m\u00e1s fuerte que nunca\u201d, agreg\u00f3 el candidato a concejal de Juntos.<\/p>\n","protected":false},"excerpt":{"rendered":"<p>El candidato a diputado nacional de Juntos, Diego Santilli, visit\u00f3 Pilar. Durante el d\u00eda se reuni\u00f3 con el ganador de la interna local, Sebasti\u00e1n Neuspiller y vecinos de la ciudad. \u00abNotamos muchas ganas de consolidar el cambio que empezamos en las Paso. Los votos son de la gente, no de los dirigentes. Si el gobierno [&hellip;]<\/p>\n","protected":false},"author":2,"featured_media":34790,"comment_status":"open","ping_status":"open","sticky":false,"template":"","format":"standard","meta":{"_et_pb_use_builder":"","_et_pb_old_content":"","_et_gb_content_width":"","footnotes":""},"categories":[34,13],"tags":[],"class_list":["post-34789","post","type-post","status-publish","format-standard","has-post-thumbnail","hentry","category-politica","category-provincia"],"_links":{"self":[{"href":"https:\/\/vocesdebaires.com.ar\/index.php\/wp-json\/wp\/v2\/posts\/34789"}],"collection":[{"href":"https:\/\/vocesdebaires.com.ar\/index.php\/wp-json\/wp\/v2\/posts"}],"about":[{"href":"https:\/\/vocesdebaires.com.ar\/index.php\/wp-json\/wp\/v2\/types\/post"}],"author":[{"embeddable":true,"href":"https:\/\/vocesdebaires.com.ar\/index.php\/wp-json\/wp\/v2\/users\/2"}],"replies":[{"embeddable":true,"href":"https:\/\/vocesdebaires.com.ar\/index.php\/wp-json\/wp\/v2\/comments?post=34789"}],"version-history":[{"count":2,"href":"https:\/\/vocesdebaires.com.ar\/index.php\/wp-json\/wp\/v2\/posts\/34789\/revisions"}],"predecessor-version":[{"id":34792,"href":"https:\/\/vocesdebaires.com.ar\/index.php\/wp-json\/wp\/v2\/posts\/34789\/revisions\/34792"}],"wp:featuredmedia":[{"embeddable":true,"href":"https:\/\/vocesdebaires.com.ar\/index.php\/wp-json\/wp\/v2\/media\/34790"}],"wp:attachment":[{"href":"https:\/\/vocesdebaires.com.ar\/index.php\/wp-json\/wp\/v2\/media?parent=34789"}],"wp:term":[{"taxonomy":"category","embeddable":true,"href":"https:\/\/vocesdebaires.com.ar\/index.php\/wp-json\/wp\/v2\/categories?post=34789"},{"taxonomy":"post_tag","embeddable":true,"href":"https:\/\/vocesdebaires.com.ar\/index.php\/wp-json\/wp\/v2\/tags?post=34789"}],"curies":[{"name":"wp","href":"https:\/\/api.w.org\/{rel}","templated":true}]}}