{"id":34824,"date":"2021-10-04T00:00:58","date_gmt":"2021-10-04T03:00:58","guid":{"rendered":"https:\/\/vocesdebaires.com.ar\/?p=34824"},"modified":"2021-10-03T15:55:42","modified_gmt":"2021-10-03T18:55:42","slug":"larreta-santilli-y-garro-recorrio-la-ciudad-de-la-plata","status":"publish","type":"post","link":"https:\/\/vocesdebaires.com.ar\/index.php\/2021\/10\/04\/larreta-santilli-y-garro-recorrio-la-ciudad-de-la-plata\/","title":{"rendered":"Larreta, Santilli y Garro recorri\u00f3 la ciudad de La Plata"},"content":{"rendered":"<p>El candidato a diputado nacional de Juntos en la provincia, Diego Santilli, recorri\u00f3 el pasado viernes la ciudad de La Plata junto al jefe de gobierno porte\u00f1o, Horacio Rodr\u00edguez Larreta, y al intendente de la capital de la provincia, Julio Garro. El candidato a diputado nacional Diego Santilli visit\u00f3 el barrio de Los Hornos y la ciudad de City Bell. Acompa\u00f1ado por Rodr\u00edguez Larreta y Garro, Santilli convers\u00f3 con comerciantes y vecinos, y mantuvo una reuni\u00f3n con j\u00f3venes emprendedores. \u00abTenemos la obligaci\u00f3n de escuchar, caminar y recorrer.<\/p>\n<p>Nuestra actitud frente a los ataques personales siempre es la misma, no respondemos chicanas. Los problemas que atraviesan la mayor\u00eda de los argentinos son muy graves como para estar discutiendo en los medios entre dirigentes\u00bb, afirm\u00f3 Santilli. \u00abCreo que hubo una amplia mayor\u00eda que dijo basta, basta a las escuelas cerradas, basta a los chorros liberados, basta de aumentar impuestos y de no generar trabajo. Y tambi\u00e9n considero que hay una luz de esperanza en muchos bonaerenses que quieren vivir en paz, que quieren estudiar y quieren trabajar. Tenemos que recuperar la identidad de los argentinos\u00bb, concluy\u00f3 el candidato a diputado nacional.<\/p>\n","protected":false},"excerpt":{"rendered":"<p>El candidato a diputado nacional de Juntos en la provincia, Diego Santilli, recorri\u00f3 el pasado viernes la ciudad de La Plata junto al jefe de gobierno porte\u00f1o, Horacio Rodr\u00edguez Larreta, y al intendente de la capital de la provincia, Julio Garro. El candidato a diputado nacional Diego Santilli visit\u00f3 el barrio de Los Hornos y [&hellip;]<\/p>\n","protected":false},"author":3,"featured_media":34825,"comment_status":"open","ping_status":"open","sticky":false,"template":"","format":"standard","meta":{"_et_pb_use_builder":"","_et_pb_old_content":"","_et_gb_content_width":"","footnotes":""},"categories":[34,13],"tags":[],"class_list":["post-34824","post","type-post","status-publish","format-standard","has-post-thumbnail","hentry","category-politica","category-provincia"],"_links":{"self":[{"href":"https:\/\/vocesdebaires.com.ar\/index.php\/wp-json\/wp\/v2\/posts\/34824"}],"collection":[{"href":"https:\/\/vocesdebaires.com.ar\/index.php\/wp-json\/wp\/v2\/posts"}],"about":[{"href":"https:\/\/vocesdebaires.com.ar\/index.php\/wp-json\/wp\/v2\/types\/post"}],"author":[{"embeddable":true,"href":"https:\/\/vocesdebaires.com.ar\/index.php\/wp-json\/wp\/v2\/users\/3"}],"replies":[{"embeddable":true,"href":"https:\/\/vocesdebaires.com.ar\/index.php\/wp-json\/wp\/v2\/comments?post=34824"}],"version-history":[{"count":1,"href":"https:\/\/vocesdebaires.com.ar\/index.php\/wp-json\/wp\/v2\/posts\/34824\/revisions"}],"predecessor-version":[{"id":34826,"href":"https:\/\/vocesdebaires.com.ar\/index.php\/wp-json\/wp\/v2\/posts\/34824\/revisions\/34826"}],"wp:featuredmedia":[{"embeddable":true,"href":"https:\/\/vocesdebaires.com.ar\/index.php\/wp-json\/wp\/v2\/media\/34825"}],"wp:attachment":[{"href":"https:\/\/vocesdebaires.com.ar\/index.php\/wp-json\/wp\/v2\/media?parent=34824"}],"wp:term":[{"taxonomy":"category","embeddable":true,"href":"https:\/\/vocesdebaires.com.ar\/index.php\/wp-json\/wp\/v2\/categories?post=34824"},{"taxonomy":"post_tag","embeddable":true,"href":"https:\/\/vocesdebaires.com.ar\/index.php\/wp-json\/wp\/v2\/tags?post=34824"}],"curies":[{"name":"wp","href":"https:\/\/api.w.org\/{rel}","templated":true}]}}