{"id":34834,"date":"2021-10-04T00:00:43","date_gmt":"2021-10-04T03:00:43","guid":{"rendered":"https:\/\/vocesdebaires.com.ar\/?p=34834"},"modified":"2021-10-03T16:37:01","modified_gmt":"2021-10-03T19:37:01","slug":"carrio-en-la-pampa-dijo-la-eleccion-en-esta-provincia-es-sagrada","status":"publish","type":"post","link":"https:\/\/vocesdebaires.com.ar\/index.php\/2021\/10\/04\/carrio-en-la-pampa-dijo-la-eleccion-en-esta-provincia-es-sagrada\/","title":{"rendered":"Carri\u00f3 en La Pampa dijo \u201cla elecci\u00f3n en esta provincia es sagrada\u201d"},"content":{"rendered":"<p>Elisa Carri\u00f3 visito el pasado viernes la ciudad de Trenel, donde sostuvo que \u201cla elecci\u00f3n de diputados y senadores en La Pampa es sagrada\u201d. La l\u00edder de la Coalici\u00f3n C\u00edvica estuvo acompa\u00f1ando al candidato a diputado nacional por Juntos por el Cambio, Mart\u00edn Maquieyra. \u201cDespu\u00e9s de muchos a\u00f1os en la Coalici\u00f3n C\u00edvica entendimos que la pol\u00edtica es el arte de limpiar el barro sin ensuciarse. Debemos estar firmes y que nunca nos encuentren disfrutando de privilegios o haciendo acuerdos espurios\u201d, se\u00f1al\u00f3 Carri\u00f3, quien particip\u00f3 del encuentro junto al presidente del partido, Maximiliano Ferraro. Carri\u00f3 tambi\u00e9n visit\u00f3 la localidad de 25 de mayo, como parte de su recorrida para acompa\u00f1ar a los candidatos de JxC, y en pr\u00f3ximos d\u00edas estar\u00e1 en Neuqu\u00e9n, donde pasar\u00e1 por Villa La Angostura; San Mart\u00edn de los Andes, Zapala y la capital provincial, para apoyar al candidato a diputado nacional de la CC, Carlos Egu\u00eda. Luego partir\u00e1 hacia R\u00edo Negro.<\/p>\n","protected":false},"excerpt":{"rendered":"<p>Elisa Carri\u00f3 visito el pasado viernes la ciudad de Trenel, donde sostuvo que \u201cla elecci\u00f3n de diputados y senadores en La Pampa es sagrada\u201d. La l\u00edder de la Coalici\u00f3n C\u00edvica estuvo acompa\u00f1ando al candidato a diputado nacional por Juntos por el Cambio, Mart\u00edn Maquieyra. \u201cDespu\u00e9s de muchos a\u00f1os en la Coalici\u00f3n C\u00edvica entendimos que la [&hellip;]<\/p>\n","protected":false},"author":2,"featured_media":34835,"comment_status":"open","ping_status":"open","sticky":false,"template":"","format":"standard","meta":{"_et_pb_use_builder":"","_et_pb_old_content":"","_et_gb_content_width":"","footnotes":""},"categories":[34,13],"tags":[],"class_list":["post-34834","post","type-post","status-publish","format-standard","has-post-thumbnail","hentry","category-politica","category-provincia"],"_links":{"self":[{"href":"https:\/\/vocesdebaires.com.ar\/index.php\/wp-json\/wp\/v2\/posts\/34834"}],"collection":[{"href":"https:\/\/vocesdebaires.com.ar\/index.php\/wp-json\/wp\/v2\/posts"}],"about":[{"href":"https:\/\/vocesdebaires.com.ar\/index.php\/wp-json\/wp\/v2\/types\/post"}],"author":[{"embeddable":true,"href":"https:\/\/vocesdebaires.com.ar\/index.php\/wp-json\/wp\/v2\/users\/2"}],"replies":[{"embeddable":true,"href":"https:\/\/vocesdebaires.com.ar\/index.php\/wp-json\/wp\/v2\/comments?post=34834"}],"version-history":[{"count":1,"href":"https:\/\/vocesdebaires.com.ar\/index.php\/wp-json\/wp\/v2\/posts\/34834\/revisions"}],"predecessor-version":[{"id":34836,"href":"https:\/\/vocesdebaires.com.ar\/index.php\/wp-json\/wp\/v2\/posts\/34834\/revisions\/34836"}],"wp:featuredmedia":[{"embeddable":true,"href":"https:\/\/vocesdebaires.com.ar\/index.php\/wp-json\/wp\/v2\/media\/34835"}],"wp:attachment":[{"href":"https:\/\/vocesdebaires.com.ar\/index.php\/wp-json\/wp\/v2\/media?parent=34834"}],"wp:term":[{"taxonomy":"category","embeddable":true,"href":"https:\/\/vocesdebaires.com.ar\/index.php\/wp-json\/wp\/v2\/categories?post=34834"},{"taxonomy":"post_tag","embeddable":true,"href":"https:\/\/vocesdebaires.com.ar\/index.php\/wp-json\/wp\/v2\/tags?post=34834"}],"curies":[{"name":"wp","href":"https:\/\/api.w.org\/{rel}","templated":true}]}}