{"id":34837,"date":"2021-10-04T00:00:10","date_gmt":"2021-10-04T03:00:10","guid":{"rendered":"https:\/\/vocesdebaires.com.ar\/?p=34837"},"modified":"2021-10-03T16:35:37","modified_gmt":"2021-10-03T19:35:37","slug":"santilli-larreta-y-martiniano-molina-juntos-en-quilmes","status":"publish","type":"post","link":"https:\/\/vocesdebaires.com.ar\/index.php\/2021\/10\/04\/santilli-larreta-y-martiniano-molina-juntos-en-quilmes\/","title":{"rendered":"Santilli, Larreta y Martiniano Molina juntos en Quilmes"},"content":{"rendered":"<p>El candidato a diputado nacional de Juntos en Buenos Aires, Diego Santilli, recorri\u00f3 el pasado s\u00e1bado la ciudad de Quilmes junto al jefe de Gobierno porte\u00f1o, Horacio Rodr\u00edguez Larreta, el candidato a diputado provincial y ex intendente local Martiniano Molina, el primer candidato a concejal Ignacio Chiodo y vecinos que se acercaron. All\u00ed reiteraron las propuestas de cara a las elecciones generales de noviembre y escucharon las principales problem\u00e1ticas de los quilme\u00f1os. Los referentes de Juntos recorrieron el centro comercial y visitaron el Centro de Fomento del barrio Calchaqu\u00ed de la zona oeste de Quilmes.<\/p>\n<p>Santilli reiter\u00f3 que \u201chay que seguir sumando para poder cambiar la historia de la Provincia\u201d, y sostuvo que la principal preocupaci\u00f3n de los vecinos es la inseguridad. Sobre el tema, Santilli sostuvo: \u00abHay que abordar los temas de fondo. No creo que haya que abordar los temas de manera simplista. La sociedad lo que quiere es que verdaderamente se ocupen de que puedan vivir en paz, de que puedan salir de sus casas a las cinco de la ma\u00f1ana y no tener miedo a que le pase algo, a que la roben, que es lo que le pasa a la mayor\u00eda de los vecinos en todos los barrios de la provincia\u00bb, expres\u00f3.<\/p>\n<p>A su vez, opin\u00f3 sobre el rol de la clase dirigente sobre los problemas que m\u00e1s preocupan: \u201cla sociedad est\u00e1 esperando de la dirigencia en general que la escuche, que la entienda y que enfrente los problemas y los resuelva\u00bb, defini\u00f3.\u00a0 Sobre el incendio que se produjo ayer en el parque industrial de Quilmes, Santilli envi\u00f3 agradecimientos a quienes combatieron el fuego: \u00abMi m\u00e1s profundo pesar y agradecimiento a todas las fuerzas del SAME y a los bomberos que han puesto el cuerpo y han trabajado incesantemente para sofocar el incendio y para cumplir con su deber que es esa vocaci\u00f3n de arriesgar sus vidas por salvar la de otros\u00bb.<\/p>\n<p>Por su parte, el jefe de Gobierno, Horacio Rodr\u00edguez Larreta, record\u00f3 la importancia de la fiscalizaci\u00f3n en las pr\u00f3ximas elecciones: \u00abLes pedimos a todos que nos ayuden, a esos vecinos que les preocupa, que nos ayuden, que se anoten como fiscales. Necesitamos m\u00e1s fiscales, necesitamos que se comprometan. Es un d\u00eda, y es un d\u00eda para garantizar la democracia, para garantizar el cambio, para garantizar el triunfo de Diego, de Martiniano, de todos\u00bb, explic\u00f3.<\/p>\n<p>Sobre la falta de un plan de gesti\u00f3n nacional, Larreta plante\u00f3 su preocupaci\u00f3n tras su gira por el exterior que incluy\u00f3 un almuerzo con el ex presidente de Estados Unidos, Bill Clinton. \u201cEl hecho de no tener un plan, de no tener un rumbo, de no tener en claro a d\u00f3nde vamos, de una inflaci\u00f3n que no baja, un gobierno que a la ma\u00f1ana dice una cosa, a la tarde dice otra. En el exterior nos ven con mucha preocupaci\u00f3n. Yo sigo transmitiendo un mensaje optimista con respecto a la Argentina porque m\u00e1s all\u00e1 de los problemas que pueda haber en el corto plazo, estoy convencido de que tenemos un gran potencial\u201d, sentenci\u00f3.<\/p>\n<p>Martiniano Molina, referente local y candidato, advirti\u00f3 sobre la necesidad de volver a ganar las elecciones en noviembre: \u201cTodav\u00eda no ganamos nada, Simplemente fuimos de menor a mayor, fuimos a unas PASO y creo que hubo un mensaje claro de la ciudadan\u00eda y de todos los vecinos que dijimos basta; queremos que todo esto se potencie hacia el 14 de noviembre porque en definitiva estamos hablando del futuro de nuestro pa\u00eds, de nuestra provincia, de nuestro Quilmes. Y creo que este espacio es el \u00fanico espacio que realmente suma dirigentes j\u00f3venes de distintos \u00e1mbitos y de distintos or\u00edgenes\u00bb, finaliz\u00f3.<\/p>\n","protected":false},"excerpt":{"rendered":"<p>El candidato a diputado nacional de Juntos en Buenos Aires, Diego Santilli, recorri\u00f3 el pasado s\u00e1bado la ciudad de Quilmes junto al jefe de Gobierno porte\u00f1o, Horacio Rodr\u00edguez Larreta, el candidato a diputado provincial y ex intendente local Martiniano Molina, el primer candidato a concejal Ignacio Chiodo y vecinos que se acercaron. All\u00ed reiteraron las [&hellip;]<\/p>\n","protected":false},"author":2,"featured_media":34838,"comment_status":"open","ping_status":"open","sticky":false,"template":"","format":"standard","meta":{"_et_pb_use_builder":"","_et_pb_old_content":"","_et_gb_content_width":"","footnotes":""},"categories":[34,13],"tags":[],"class_list":["post-34837","post","type-post","status-publish","format-standard","has-post-thumbnail","hentry","category-politica","category-provincia"],"_links":{"self":[{"href":"https:\/\/vocesdebaires.com.ar\/index.php\/wp-json\/wp\/v2\/posts\/34837"}],"collection":[{"href":"https:\/\/vocesdebaires.com.ar\/index.php\/wp-json\/wp\/v2\/posts"}],"about":[{"href":"https:\/\/vocesdebaires.com.ar\/index.php\/wp-json\/wp\/v2\/types\/post"}],"author":[{"embeddable":true,"href":"https:\/\/vocesdebaires.com.ar\/index.php\/wp-json\/wp\/v2\/users\/2"}],"replies":[{"embeddable":true,"href":"https:\/\/vocesdebaires.com.ar\/index.php\/wp-json\/wp\/v2\/comments?post=34837"}],"version-history":[{"count":1,"href":"https:\/\/vocesdebaires.com.ar\/index.php\/wp-json\/wp\/v2\/posts\/34837\/revisions"}],"predecessor-version":[{"id":34839,"href":"https:\/\/vocesdebaires.com.ar\/index.php\/wp-json\/wp\/v2\/posts\/34837\/revisions\/34839"}],"wp:featuredmedia":[{"embeddable":true,"href":"https:\/\/vocesdebaires.com.ar\/index.php\/wp-json\/wp\/v2\/media\/34838"}],"wp:attachment":[{"href":"https:\/\/vocesdebaires.com.ar\/index.php\/wp-json\/wp\/v2\/media?parent=34837"}],"wp:term":[{"taxonomy":"category","embeddable":true,"href":"https:\/\/vocesdebaires.com.ar\/index.php\/wp-json\/wp\/v2\/categories?post=34837"},{"taxonomy":"post_tag","embeddable":true,"href":"https:\/\/vocesdebaires.com.ar\/index.php\/wp-json\/wp\/v2\/tags?post=34837"}],"curies":[{"name":"wp","href":"https:\/\/api.w.org\/{rel}","templated":true}]}}