{"id":34923,"date":"2021-10-07T00:00:34","date_gmt":"2021-10-07T03:00:34","guid":{"rendered":"https:\/\/vocesdebaires.com.ar\/?p=34923"},"modified":"2021-10-06T23:58:16","modified_gmt":"2021-10-07T02:58:16","slug":"elisa-carrio-junto-con-carlos-eguia-en-san-martin-de-los-andes","status":"publish","type":"post","link":"https:\/\/vocesdebaires.com.ar\/index.php\/2021\/10\/07\/elisa-carrio-junto-con-carlos-eguia-en-san-martin-de-los-andes\/","title":{"rendered":"Elisa Carri\u00f3 junto con Carlos Egu\u00eda en San Mart\u00edn de Los Andes"},"content":{"rendered":"<p>Elisa Carri\u00f3 estuvo ayer en San Mart\u00edn de los Andes donde se encuentra acompa\u00f1ando la candidatura a diputado nacional de Carlos Egu\u00eda, representante de la Coalici\u00f3n C\u00edvica en Neuqu\u00e9n. \u201cEs fundamental lograr la mayor\u00eda en Diputados y evitar que el kirchnerismo alcance el qu\u00f3rum en el Senado\u201d, afirm\u00f3 \u201cHay mucho en juego el 14 de noviembre. Si el kirchnerismo se queda sin la mayor\u00eda en el Parlamento vamos a poder evitar la remoci\u00f3n del Procurador, la reforma judicial y vamos a poder votar la baja de impuestos\u201d, agreg\u00f3. La l\u00edder de la CC asegur\u00f3 que \u201chay una rebeli\u00f3n de los m\u00e1s castigados.<\/p>\n<p>Este modelo que se est\u00e1 llevando a cabo no es el que quiere el pueblo peronista. Los hijos de Evita fueron a la Universidad, los hijos de Cristina est\u00e1n en las villas. Hay un voto del alma del peronismo que tiene que ver con lo que fue Evita y no con esto de la compra de votos\u201d, se\u00f1al\u00f3 la l\u00edder de la CC, que estuvo acompa\u00f1ada por el presidente del partido, Maximiliano Ferraro. \u201cEl pueblo peronista quiere ser de clase media, no quiere ser parte del pobrismo. Nosotros creamos el Ingreso Ciudadano, pero lo hicimos para que sea compatible con el empleo\u201d, remarc\u00f3, e insisti\u00f3 en que \u201cnos faltan veinte mil votos para que Neuqu\u00e9n tenga solo diputados que defiendan los valores de la Rep\u00fablica\u201d.<\/p>\n<p>Adem\u00e1s, Carri\u00f3 sostuvo que \u201cJuntos por el Cambio tiene que mejorar moralmente, tambi\u00e9n en la integraci\u00f3n y la generosidad entre sus participantes, y en la competencia entre quienes quieren gobernar. JxC tiene que trabajar para ser mejor\u201d. \u201cLuego habr\u00e1 una interna entre todos sus candidatos, que son demasiados, y no todos est\u00e1n preparados para gobernar\u201d, a\u00f1adi\u00f3.<br \/>\nPor su parte, Egu\u00eda afirm\u00f3 que \u201cvamos a ir al Congreso a pelear contra la corrupci\u00f3n y a enfrentar al kirchnerismo\u201d y a\u00f1adi\u00f3: \u201cNeuqu\u00e9n no debe tener representantes del oficialismo nacional en Diputados.<\/p>\n","protected":false},"excerpt":{"rendered":"<p>Elisa Carri\u00f3 estuvo ayer en San Mart\u00edn de los Andes donde se encuentra acompa\u00f1ando la candidatura a diputado nacional de Carlos Egu\u00eda, representante de la Coalici\u00f3n C\u00edvica en Neuqu\u00e9n. \u201cEs fundamental lograr la mayor\u00eda en Diputados y evitar que el kirchnerismo alcance el qu\u00f3rum en el Senado\u201d, afirm\u00f3 \u201cHay mucho en juego el 14 de [&hellip;]<\/p>\n","protected":false},"author":2,"featured_media":34924,"comment_status":"open","ping_status":"open","sticky":false,"template":"","format":"standard","meta":{"_et_pb_use_builder":"","_et_pb_old_content":"","_et_gb_content_width":"","footnotes":""},"categories":[34,13],"tags":[],"class_list":["post-34923","post","type-post","status-publish","format-standard","has-post-thumbnail","hentry","category-politica","category-provincia"],"_links":{"self":[{"href":"https:\/\/vocesdebaires.com.ar\/index.php\/wp-json\/wp\/v2\/posts\/34923"}],"collection":[{"href":"https:\/\/vocesdebaires.com.ar\/index.php\/wp-json\/wp\/v2\/posts"}],"about":[{"href":"https:\/\/vocesdebaires.com.ar\/index.php\/wp-json\/wp\/v2\/types\/post"}],"author":[{"embeddable":true,"href":"https:\/\/vocesdebaires.com.ar\/index.php\/wp-json\/wp\/v2\/users\/2"}],"replies":[{"embeddable":true,"href":"https:\/\/vocesdebaires.com.ar\/index.php\/wp-json\/wp\/v2\/comments?post=34923"}],"version-history":[{"count":1,"href":"https:\/\/vocesdebaires.com.ar\/index.php\/wp-json\/wp\/v2\/posts\/34923\/revisions"}],"predecessor-version":[{"id":34925,"href":"https:\/\/vocesdebaires.com.ar\/index.php\/wp-json\/wp\/v2\/posts\/34923\/revisions\/34925"}],"wp:featuredmedia":[{"embeddable":true,"href":"https:\/\/vocesdebaires.com.ar\/index.php\/wp-json\/wp\/v2\/media\/34924"}],"wp:attachment":[{"href":"https:\/\/vocesdebaires.com.ar\/index.php\/wp-json\/wp\/v2\/media?parent=34923"}],"wp:term":[{"taxonomy":"category","embeddable":true,"href":"https:\/\/vocesdebaires.com.ar\/index.php\/wp-json\/wp\/v2\/categories?post=34923"},{"taxonomy":"post_tag","embeddable":true,"href":"https:\/\/vocesdebaires.com.ar\/index.php\/wp-json\/wp\/v2\/tags?post=34923"}],"curies":[{"name":"wp","href":"https:\/\/api.w.org\/{rel}","templated":true}]}}