{"id":3493,"date":"2019-02-04T03:00:00","date_gmt":"2019-02-04T06:00:00","guid":{"rendered":"http:\/\/vocesdebaires.com.ar\/wordpress\/index.php\/2019\/02\/04\/polo-educativo-mugica-macri-recorrieron-obras\/"},"modified":"2019-02-04T03:00:00","modified_gmt":"2019-02-04T06:00:00","slug":"polo-educativo-mugica-macri-recorrieron-obras","status":"publish","type":"post","link":"https:\/\/vocesdebaires.com.ar\/index.php\/2019\/02\/04\/polo-educativo-mugica-macri-recorrieron-obras\/","title":{"rendered":"Polo Educativo Mugica: Macri recorrieron obras"},"content":{"rendered":"<p>El presidente de la Naci\u00f3n, Mauricio Macri, y el Jefe de Gobierno porte\u00f1o, Horacio Rodr\u00edguez Larreta, recorrieron el pasado viernes\u00a0 las obras del Polo Educativo Mugica en el Barrio 31, un establecimiento que va a contar con tres escuelas de nivel inicial, primario y secundario, con capacidad para 1.808 estudiantes. Se trata de un nuevo complejo que va a integrar la Escuela Infantil N\u00ba5 D.E.1, la Escuela N\u00ba25 \u201cBandera Argentina\u201d y la E.E.M. N\u00ba6 \u201cPadre Mugica\u201d. Una vez inaugurado en abril de 2019, se convertir\u00e1 en el polo con m\u00e1s vacantes de toda la Ciudad de Buenos Aires.<\/p>\n<p>El edificio va a cuadriplicar su tama\u00f1o, pasando de 5.200 m2 a 21.700 m2. La escuela primaria va a ser la que m\u00e1s espacio va a ganar, sumando un total de 10.398 m2.Se van a incorporar patios cubiertos y descubiertos, aulas digitales, salas multimedia, salas de pl\u00e1stica, talleres de radio y teatro y nuevas canchas de f\u00fatbol.A la escuela inicial del Polo Mugica van a asistir 528 estudiantes y va a contar con 28 salas en sus 6.579 m2 de superficie cubierta y 100 m2 de superficie descubierta.A la escuela primaria asistir\u00e1n 860 alumnos y va a contar con 35 aulas en sus 10.398 m2 de superficie cubierta y 3.057 m2 de superficie descubierta.<\/p>\n<p>Y la escuela secundaria tendr\u00e1 una capacidad para 420 estudiantes y va a contar con 12 aulas en sus 4.735 m2 de superficie cubierta y 1.008 m2 de superficie descubierta.La Ciudad de Buenos Aires est\u00e1 construyendo sus ocho polos educativos: Saavedra, Mataderos, Piedrabuena, Larraz\u00e1bal, Lugano, Barracas, Mugica y Mar\u00eda Elena Walsh.En este nuevo a\u00f1o lectivo abren sus puertas la Escuela Primaria N\u00ba7 D.E 21 del Polo Lugano, la escuela primaria y el nivel inicial del Polo Educativo Mar\u00eda Elena Walsh y una de las escuelas t\u00e9cnicas del Polo Mataderos, el cual agrupa tres escuelas y un polideportivo en un predio anteriormente abandonado.<\/p>\n<p>El conjunto de escuelas incluye una Inicial, una Primaria y un Instituto de Formaci\u00f3n T\u00e9cnica Profesional con especializaci\u00f3n en Computaci\u00f3n e Imagen y Sonido que incluye dos Escuelas T\u00e9cnicas, una de las cuales va a empezar a dar clases desde marzo de este a\u00f1o.Por otro lado, el Polo Educativo Lugano tambi\u00e9n tiene una escuela inicial, primaria y una media y va a ser completado con la construcci\u00f3n de una nueva escuela inicial, adem\u00e1s de la Primaria N\u00b0 7 D.E. 21.<\/p>\n<p>En el Barrio 31 se est\u00e1n llevando a cabo otras obras como la construcci\u00f3n de la Escuela Inicial Cristo Obrero, que va a ofrecer 130 nuevas vacantes y tendr\u00e1 espacios cubiertos, un patio, una terraza, un SUM comedor, cocina, ocho aulas, sanitarios y vestuarios.Tambi\u00e9n se est\u00e1 construyendo el Centro de Formaci\u00f3n Profesional Cristo Obrero, donde cientos de vecinos van a poder elegir entre una amplia oferta de cursos de capacitaci\u00f3n para acceder al mundo laboral: montador, electricista domiciliario, instalador de sistemas de energ\u00eda renovable, camar\u00f3grafo, editor audiovisual y empalmador de fibra \u00f3ptica, entre otros.<\/p>\n","protected":false},"excerpt":{"rendered":"<p>El presidente de la Naci\u00f3n, Mauricio Macri, y el Jefe de Gobierno porte\u00f1o, Horacio Rodr\u00edguez Larreta, recorrieron el pasado viernes\u00a0 las obras del Polo Educativo Mugica en el Barrio 31, un establecimiento que va a contar con tres escuelas de nivel inicial, primario y secundario, con capacidad para 1.808 estudiantes. Se trata de un nuevo [&hellip;]<\/p>\n","protected":false},"author":1,"featured_media":3494,"comment_status":"open","ping_status":"open","sticky":false,"template":"","format":"standard","meta":{"_et_pb_use_builder":"","_et_pb_old_content":"","_et_gb_content_width":"","footnotes":""},"categories":[11,32],"tags":[],"class_list":["post-3493","post","type-post","status-publish","format-standard","has-post-thumbnail","hentry","category-ciudad","category-comunas"],"_links":{"self":[{"href":"https:\/\/vocesdebaires.com.ar\/index.php\/wp-json\/wp\/v2\/posts\/3493"}],"collection":[{"href":"https:\/\/vocesdebaires.com.ar\/index.php\/wp-json\/wp\/v2\/posts"}],"about":[{"href":"https:\/\/vocesdebaires.com.ar\/index.php\/wp-json\/wp\/v2\/types\/post"}],"author":[{"embeddable":true,"href":"https:\/\/vocesdebaires.com.ar\/index.php\/wp-json\/wp\/v2\/users\/1"}],"replies":[{"embeddable":true,"href":"https:\/\/vocesdebaires.com.ar\/index.php\/wp-json\/wp\/v2\/comments?post=3493"}],"version-history":[{"count":0,"href":"https:\/\/vocesdebaires.com.ar\/index.php\/wp-json\/wp\/v2\/posts\/3493\/revisions"}],"wp:featuredmedia":[{"embeddable":true,"href":"https:\/\/vocesdebaires.com.ar\/index.php\/wp-json\/wp\/v2\/media\/3494"}],"wp:attachment":[{"href":"https:\/\/vocesdebaires.com.ar\/index.php\/wp-json\/wp\/v2\/media?parent=3493"}],"wp:term":[{"taxonomy":"category","embeddable":true,"href":"https:\/\/vocesdebaires.com.ar\/index.php\/wp-json\/wp\/v2\/categories?post=3493"},{"taxonomy":"post_tag","embeddable":true,"href":"https:\/\/vocesdebaires.com.ar\/index.php\/wp-json\/wp\/v2\/tags?post=3493"}],"curies":[{"name":"wp","href":"https:\/\/api.w.org\/{rel}","templated":true}]}}