{"id":34956,"date":"2021-10-08T01:13:16","date_gmt":"2021-10-08T04:13:16","guid":{"rendered":"https:\/\/vocesdebaires.com.ar\/?p=34956"},"modified":"2021-10-08T01:13:16","modified_gmt":"2021-10-08T04:13:16","slug":"diego-santilli-graciela-ocana-y-manes-lanzaron-la-campana-de-juntos","status":"publish","type":"post","link":"https:\/\/vocesdebaires.com.ar\/index.php\/2021\/10\/08\/diego-santilli-graciela-ocana-y-manes-lanzaron-la-campana-de-juntos\/","title":{"rendered":"Diego Santilli, Graciela Oca\u00f1a y Manes lanzaron la campa\u00f1a de Juntos"},"content":{"rendered":"<p>En Tigre, se lanz\u00f3 la campa\u00f1a de Juntos para la Provincia de Buenos Aires. Los tres primeros candidatos a diputados nacionales, Diego Santilli, Graciela Oca\u00f1a y Facundo Manes fueron los oradores ante el resto de los integrantes de la lista, dirigentes y militantes que aportaron su presencia.\u201cParece mentira pero pasaron cuatro semanas de la elecci\u00f3n primaria, cuatro semanas donde los bonaerenses y los argentinos dijimos \u00b4basta, as\u00ed no se puede seguir\u00b4.<\/p>\n<p>Nos cansamos de que no te alcance la plata, nos cansamos de no tener laburo, nos cansamos de los problemas de la inseguridad, de vivir con miedo. Dijimos basta a seguir discutiendo si los chicos tienen que ir a la escuela o no tienen que ir a la escuela, basta, as\u00ed no\u201d, indic\u00f3 Santilli. \u201cEl 12 de septiembre las urnas hablaron, ustedes hablaron, los que nos est\u00e1n viendo y lo m\u00e1s importante, el 12 de septiembre ganaron ustedes; s\u00ed, ganaste vos, que quisiste un cambio; ganaste vos, que dijiste por ac\u00e1 no; ganaste vos, que quer\u00e9s vivir en una realidad distinta\u201d, a\u00f1adi\u00f3.<\/p>\n<p>Bajo el sol tigrense, el primer candidato a diputado de Juntos prosigui\u00f3: \u201cLos argentinos queremos trabajar, educarnos y vivir en paz, no nos van a robar nuestro futuro, no nos van a robar nuestra esperanza, juntos vamos a recuperar nuestra identidad, vamos a pelear por nuestros valores con Facundo, con Graciela y con todos los que est\u00e1n ac\u00e1, vamos a caminar la provincia, vamos a escucharte, vamos a entenderte, vamos a abrazarte, vamos a trabajar codo a codo. El 14 de noviembre, tenemos una oportunidad hist\u00f3rica, una oportunidad hist\u00f3rica de ser due\u00f1os de nuestra vidas, de ser due\u00f1os de nuestro futuro, construy\u00e1moslo juntos, ese futuro comienza ahora, es juntos, es por una provincia mejor\u201d.<\/p>\n<p>Previamente hab\u00eda tomado la palabra Facundo Manes, quien afirm\u00f3 que \u201ceste es un momento para recuperar la autoestima colectiva y reconstruir al pa\u00eds casi como fue la reconstrucci\u00f3n democr\u00e1tica de los ochenta. Hoy es reconstruir una sociedad hacia el siglo XXI y eso es invertir en la primera infancia, la econom\u00eda del siglo XXI es el cerebro de los ciudadanos; es invertir en educaci\u00f3n de calidad, en salud: hoy nos damos cuenta que la salud no es solamente la lucha contra las enfermedades, la salud es parte del desarrollo econ\u00f3mico: es invertir en investigaci\u00f3n, en ciencia, en tecnolog\u00eda y vincularlo a la producci\u00f3n; es el campo m\u00e1s la industria, m\u00e1s los servicios. Todo exportando m\u00e1s valor agregado\u201d.<\/p>\n<p>Tambi\u00e9n aport\u00f3 su visi\u00f3n global al decir que \u201cel mundo cambi\u00f3, podemos aceptarlo o no. Pero si no entendemos que el mundo se basa en la educaci\u00f3n, en la ciencia, en la tecnolog\u00eda, vamos a quedar m\u00e1s atrasados, vamos a generar m\u00e1s pobreza y m\u00e1s desigualdad. Necesitamos de una vez por todas dejar de administrar la pobreza. Es juntos, es unidos, pero con un proyecto de pa\u00eds: un proyecto que nos convoque a todos, que no sea de una persona de un partido o de una coalici\u00f3n, es el proyecto de Naci\u00f3n en el que todos podamos ser partes. Es el momento de sanar, es el momento de curar las heridas y es momento de reconstruir la Argentina\u201d.<\/p>\n<p>A su vez, Oca\u00f1a, quien secunda a Santilli en la lista, consider\u00f3: \u201cNos hemos ampliado, hemos sumado nuevas voces, somos mejores, tenemos propuestas m\u00e1s plurales y eso es algo que nos hace mejores\u201d. Por \u00faltimo, hizo un llamado a la militancia de Juntos de cara al 14 de noviembre al decir que \u201cquiero compartir con ustedes un pedido: a todos los que tengamos una mirada de pa\u00eds que todos queremos, un pa\u00eds normal con los chicos en las escuelas, los delincuentes en las c\u00e1rceles, un pa\u00eds donde haya trabajo y no planes, un pa\u00eds donde hombres y mujeres tengamos los mismos derechos, donde la salud sea de calidad, los que queremos un pa\u00eds donde la justicia aplique la ley y los corruptos vayan presos, que nos ayuden a fiscalizar la elecci\u00f3n\u201d.<\/p>\n","protected":false},"excerpt":{"rendered":"<p>En Tigre, se lanz\u00f3 la campa\u00f1a de Juntos para la Provincia de Buenos Aires. Los tres primeros candidatos a diputados nacionales, Diego Santilli, Graciela Oca\u00f1a y Facundo Manes fueron los oradores ante el resto de los integrantes de la lista, dirigentes y militantes que aportaron su presencia.\u201cParece mentira pero pasaron cuatro semanas de la elecci\u00f3n [&hellip;]<\/p>\n","protected":false},"author":2,"featured_media":34957,"comment_status":"open","ping_status":"open","sticky":false,"template":"","format":"standard","meta":{"_et_pb_use_builder":"","_et_pb_old_content":"","_et_gb_content_width":"","footnotes":""},"categories":[34,13],"tags":[],"class_list":["post-34956","post","type-post","status-publish","format-standard","has-post-thumbnail","hentry","category-politica","category-provincia"],"_links":{"self":[{"href":"https:\/\/vocesdebaires.com.ar\/index.php\/wp-json\/wp\/v2\/posts\/34956"}],"collection":[{"href":"https:\/\/vocesdebaires.com.ar\/index.php\/wp-json\/wp\/v2\/posts"}],"about":[{"href":"https:\/\/vocesdebaires.com.ar\/index.php\/wp-json\/wp\/v2\/types\/post"}],"author":[{"embeddable":true,"href":"https:\/\/vocesdebaires.com.ar\/index.php\/wp-json\/wp\/v2\/users\/2"}],"replies":[{"embeddable":true,"href":"https:\/\/vocesdebaires.com.ar\/index.php\/wp-json\/wp\/v2\/comments?post=34956"}],"version-history":[{"count":1,"href":"https:\/\/vocesdebaires.com.ar\/index.php\/wp-json\/wp\/v2\/posts\/34956\/revisions"}],"predecessor-version":[{"id":34958,"href":"https:\/\/vocesdebaires.com.ar\/index.php\/wp-json\/wp\/v2\/posts\/34956\/revisions\/34958"}],"wp:featuredmedia":[{"embeddable":true,"href":"https:\/\/vocesdebaires.com.ar\/index.php\/wp-json\/wp\/v2\/media\/34957"}],"wp:attachment":[{"href":"https:\/\/vocesdebaires.com.ar\/index.php\/wp-json\/wp\/v2\/media?parent=34956"}],"wp:term":[{"taxonomy":"category","embeddable":true,"href":"https:\/\/vocesdebaires.com.ar\/index.php\/wp-json\/wp\/v2\/categories?post=34956"},{"taxonomy":"post_tag","embeddable":true,"href":"https:\/\/vocesdebaires.com.ar\/index.php\/wp-json\/wp\/v2\/tags?post=34956"}],"curies":[{"name":"wp","href":"https:\/\/api.w.org\/{rel}","templated":true}]}}