{"id":34981,"date":"2021-10-11T00:00:14","date_gmt":"2021-10-11T03:00:14","guid":{"rendered":"https:\/\/vocesdebaires.com.ar\/?p=34981"},"modified":"2021-10-10T20:38:02","modified_gmt":"2021-10-10T23:38:02","slug":"santilli-en-un-centro-de-jubilados-marplatense-junto-a-elisa-carrio","status":"publish","type":"post","link":"https:\/\/vocesdebaires.com.ar\/index.php\/2021\/10\/11\/santilli-en-un-centro-de-jubilados-marplatense-junto-a-elisa-carrio\/","title":{"rendered":"Santilli en un centro de jubilados marplatense junto a Elisa Carri\u00f3"},"content":{"rendered":"<p>El candidato a diputado nacional de Juntos estuvo el fin de semana en un centro de jubilados marplatense junto a Elisa Carri\u00f3 y el intendente Guillermo Montenegro. Tambi\u00e9n visit\u00f3 Miramar, donde se reunieron con vecinos y comerciantes. \u00abVayamos a votar. Llevemos a toda la familia, a los amigos, a los vecinos. Hay que fiscalizar y cuidar las urnas\u00bb, asegur\u00f3 Santilli. \u00abEstamos ante una oportunidad hist\u00f3rica de cambiar la provincia y el pa\u00eds. No nos resignamos a este presente. Siento el apoyo y las ganas de salir adelante de los bonaerenses\u00bb, afirm\u00f3 Diego Santilli en Mar del Plata.<\/p>\n<p>\u00abUna nueva generaci\u00f3n va a gobernar esta Naci\u00f3n. Conf\u00edo en el coraz\u00f3n del Colo Santilli y en que \u00e9l va a ser parte de esa nueva generaci\u00f3n. Tenemos que confiar en la cultura del trabajo para que podamos evitar que nuestros hijos quieran irse del pa\u00eds para cumplir con sus sue\u00f1os\u00bb, areng\u00f3 en el cierre de su discurso, la l\u00edder de la Coalici\u00f3n C\u00edvica, Lilita Carri\u00f3. \u00abCreemos que otra provincia es posible. Donde se premie el esfuerzo y el m\u00e9rito. Donde se aliente desde el Estado a la inversi\u00f3n, el desarrollo, y la producci\u00f3n. Donde no haya privilegios y podamos poner todas nuestras energ\u00edas en enfrentar a las mafias, los delincuentes y los narcos.<\/p>\n<p>Ese es mi compromiso con ustedes\u00bb, afirm\u00f3 Diego Santilli, ante m\u00e1s de 300 adultos mayores que se acercaron al Centro de Jubilados ubicado en la Av. Peralta Ramos. Luego, Santilli y Carri\u00f3 se dirigieron a la ciudad de Miramar, donde participaron de una reuni\u00f3n con vecinos y comerciantes. Acompa\u00f1ados por los candidatos a diputados nacionales Juan Manuel L\u00f3pez, Marcela Campagnoli y Victoria Borrego, tambi\u00e9n realizaron una caminata por la Calle 21, la zona comercial c\u00e9ntrica de la ciudad.<\/p>\n<p>\u00abVayamos a votar. Llevemos a toda la familia, a los amigos, a los vecinos. Hay que fiscalizar y cuidar las urnas. Comienza un cambio, vamos que podemos\u00bb, cerr\u00f3 Santilli en Miramar, donde tambi\u00e9n estuvieron los candidatos a senadores provinciales, Alejandro Rabinovich y Romina Braga, y el candidato a concejal Joaqu\u00edn S\u00e1nchez Charro. Por \u00faltimo, Diego Santilli visit\u00f3 tambi\u00e9n la ciudad de Chascom\u00fas. Junto al candidato a senador provincial Ariel Mart\u00ednez Bordaisco y el candidato a concejal Ramiro Ferrante, compartieron un encuentro con due\u00f1os de Pymes, comerciantes y vecinos.<\/p>\n","protected":false},"excerpt":{"rendered":"<p>El candidato a diputado nacional de Juntos estuvo el fin de semana en un centro de jubilados marplatense junto a Elisa Carri\u00f3 y el intendente Guillermo Montenegro. Tambi\u00e9n visit\u00f3 Miramar, donde se reunieron con vecinos y comerciantes. \u00abVayamos a votar. Llevemos a toda la familia, a los amigos, a los vecinos. Hay que fiscalizar y [&hellip;]<\/p>\n","protected":false},"author":2,"featured_media":34982,"comment_status":"open","ping_status":"open","sticky":false,"template":"","format":"standard","meta":{"_et_pb_use_builder":"","_et_pb_old_content":"","_et_gb_content_width":"","footnotes":""},"categories":[34,13],"tags":[],"class_list":["post-34981","post","type-post","status-publish","format-standard","has-post-thumbnail","hentry","category-politica","category-provincia"],"_links":{"self":[{"href":"https:\/\/vocesdebaires.com.ar\/index.php\/wp-json\/wp\/v2\/posts\/34981"}],"collection":[{"href":"https:\/\/vocesdebaires.com.ar\/index.php\/wp-json\/wp\/v2\/posts"}],"about":[{"href":"https:\/\/vocesdebaires.com.ar\/index.php\/wp-json\/wp\/v2\/types\/post"}],"author":[{"embeddable":true,"href":"https:\/\/vocesdebaires.com.ar\/index.php\/wp-json\/wp\/v2\/users\/2"}],"replies":[{"embeddable":true,"href":"https:\/\/vocesdebaires.com.ar\/index.php\/wp-json\/wp\/v2\/comments?post=34981"}],"version-history":[{"count":1,"href":"https:\/\/vocesdebaires.com.ar\/index.php\/wp-json\/wp\/v2\/posts\/34981\/revisions"}],"predecessor-version":[{"id":34983,"href":"https:\/\/vocesdebaires.com.ar\/index.php\/wp-json\/wp\/v2\/posts\/34981\/revisions\/34983"}],"wp:featuredmedia":[{"embeddable":true,"href":"https:\/\/vocesdebaires.com.ar\/index.php\/wp-json\/wp\/v2\/media\/34982"}],"wp:attachment":[{"href":"https:\/\/vocesdebaires.com.ar\/index.php\/wp-json\/wp\/v2\/media?parent=34981"}],"wp:term":[{"taxonomy":"category","embeddable":true,"href":"https:\/\/vocesdebaires.com.ar\/index.php\/wp-json\/wp\/v2\/categories?post=34981"},{"taxonomy":"post_tag","embeddable":true,"href":"https:\/\/vocesdebaires.com.ar\/index.php\/wp-json\/wp\/v2\/tags?post=34981"}],"curies":[{"name":"wp","href":"https:\/\/api.w.org\/{rel}","templated":true}]}}