{"id":34998,"date":"2021-10-12T00:00:25","date_gmt":"2021-10-12T03:00:25","guid":{"rendered":"https:\/\/vocesdebaires.com.ar\/?p=34998"},"modified":"2021-10-11T23:22:07","modified_gmt":"2021-10-12T02:22:07","slug":"santilli-hoy-tenemos-167-impuestos-que-asfixian-a-las-pymes","status":"publish","type":"post","link":"https:\/\/vocesdebaires.com.ar\/index.php\/2021\/10\/12\/santilli-hoy-tenemos-167-impuestos-que-asfixian-a-las-pymes\/","title":{"rendered":"Santilli:\u00bb Hoy tenemos 167 impuestos que asfixian a las Pymes\u00bb"},"content":{"rendered":"<p>El candidato a diputado nacional de Juntos en la provincia recorri\u00f3 ayer la ciudad de San Isidro junto al intendente Gustavo Posse. All\u00ed plante\u00f3 la necesidad de \u00abir hacia un consenso fiscal y empezar a trazar un camino de eliminaci\u00f3n y baja de impuestos para alentar la producci\u00f3n y el desarrollo\u00bb. Diego Santilli, particip\u00f3 tambi\u00e9n de una reuni\u00f3n con comerciantes y due\u00f1os de Pymes en la zona c\u00e9ntrica de San Isidro. Junto al intendente Gustavo Posse, Santilli dijo: \u00abhoy tenemos 167 impuestos que asfixian a las Pymes y al sector productivo.<\/p>\n<p>Tenemos que ir hacia un consenso fiscal y empezar a trazar un camino de eliminaci\u00f3n y baja de impuestos para alentar la producci\u00f3n y el desarrollo. Tenemos que sacarle la pata de encima a los que quieren producir e invertir en la provincia y en el pa\u00eds\u00bb. \u00abEs imposible que podamos crear trabajo en la Argentina con el alt\u00edsimo nivel de presi\u00f3n tributaria que tenemos\u00bb, afirm\u00f3 el candidato de Juntos en la conferencia de prensa, donde tambi\u00e9n estuvo la candidata a concejal Macarena Posse.<\/p>\n<p>\u00abLo que le proponemos a las Pymes, a los comerciantes y los productores bonaerenses es un camino de salida y de futuro que tenga cuatro ejes: previsibilidad y reglas claras para invertir, eliminar y bajar impuestos distorsivos, avanzar en un consenso laboral para empezar a crear trabajo en el sector privado, y apostar al desarrollo federal para que podamos exportar nuestra riqueza y nuestra producci\u00f3n al mundo y los pa\u00edses vecinos\u00bb, concluy\u00f3 Santilli. Por su parte, el intendente Gustavo Posse asegur\u00f3 que \u00abnos vincula la gesti\u00f3n, la cercan\u00eda con los vecinos, esa experiencia de trabajar y de conformar equipos. Diego hizo un trabajo muy eficiente como servidor p\u00fablico. Encabeza una lista de un espacio amplio con integrantes de todos los partidos de la coalici\u00f3n\u00bb.<\/p>\n","protected":false},"excerpt":{"rendered":"<p>El candidato a diputado nacional de Juntos en la provincia recorri\u00f3 ayer la ciudad de San Isidro junto al intendente Gustavo Posse. All\u00ed plante\u00f3 la necesidad de \u00abir hacia un consenso fiscal y empezar a trazar un camino de eliminaci\u00f3n y baja de impuestos para alentar la producci\u00f3n y el desarrollo\u00bb. Diego Santilli, particip\u00f3 tambi\u00e9n [&hellip;]<\/p>\n","protected":false},"author":2,"featured_media":34999,"comment_status":"open","ping_status":"open","sticky":false,"template":"","format":"standard","meta":{"_et_pb_use_builder":"","_et_pb_old_content":"","_et_gb_content_width":"","footnotes":""},"categories":[34,13],"tags":[],"class_list":["post-34998","post","type-post","status-publish","format-standard","has-post-thumbnail","hentry","category-politica","category-provincia"],"_links":{"self":[{"href":"https:\/\/vocesdebaires.com.ar\/index.php\/wp-json\/wp\/v2\/posts\/34998"}],"collection":[{"href":"https:\/\/vocesdebaires.com.ar\/index.php\/wp-json\/wp\/v2\/posts"}],"about":[{"href":"https:\/\/vocesdebaires.com.ar\/index.php\/wp-json\/wp\/v2\/types\/post"}],"author":[{"embeddable":true,"href":"https:\/\/vocesdebaires.com.ar\/index.php\/wp-json\/wp\/v2\/users\/2"}],"replies":[{"embeddable":true,"href":"https:\/\/vocesdebaires.com.ar\/index.php\/wp-json\/wp\/v2\/comments?post=34998"}],"version-history":[{"count":1,"href":"https:\/\/vocesdebaires.com.ar\/index.php\/wp-json\/wp\/v2\/posts\/34998\/revisions"}],"predecessor-version":[{"id":35000,"href":"https:\/\/vocesdebaires.com.ar\/index.php\/wp-json\/wp\/v2\/posts\/34998\/revisions\/35000"}],"wp:featuredmedia":[{"embeddable":true,"href":"https:\/\/vocesdebaires.com.ar\/index.php\/wp-json\/wp\/v2\/media\/34999"}],"wp:attachment":[{"href":"https:\/\/vocesdebaires.com.ar\/index.php\/wp-json\/wp\/v2\/media?parent=34998"}],"wp:term":[{"taxonomy":"category","embeddable":true,"href":"https:\/\/vocesdebaires.com.ar\/index.php\/wp-json\/wp\/v2\/categories?post=34998"},{"taxonomy":"post_tag","embeddable":true,"href":"https:\/\/vocesdebaires.com.ar\/index.php\/wp-json\/wp\/v2\/tags?post=34998"}],"curies":[{"name":"wp","href":"https:\/\/api.w.org\/{rel}","templated":true}]}}