{"id":35041,"date":"2021-10-14T00:36:32","date_gmt":"2021-10-14T03:36:32","guid":{"rendered":"https:\/\/vocesdebaires.com.ar\/?p=35041"},"modified":"2021-10-14T00:36:32","modified_gmt":"2021-10-14T03:36:32","slug":"santilli-recorrio-junto-al-senador-martin-lousteau-virreyes","status":"publish","type":"post","link":"https:\/\/vocesdebaires.com.ar\/index.php\/2021\/10\/14\/santilli-recorrio-junto-al-senador-martin-lousteau-virreyes\/","title":{"rendered":"Santilli, recorri\u00f3 junto al senador, Mart\u00edn Lousteau Virreyes"},"content":{"rendered":"<p>El diputado nacional por Juntos, Diego Santilli, recorri\u00f3 acompa\u00f1ado por el senador, Mart\u00edn Lousteau la localidad de Virreyes, municipio de San Fernando. All\u00ed manifestaron que \u00ablas medidas no van cambiar la realidad de la gente. \u00abNuestro desaf\u00edo es recuperar la dignidad y la identidad de los argentinos. Nuestra identidad es aprender, trabajar y vivir en paz. Esos son los valores que este gobierno puso en duda y nosotros tenemos que recuperar\u00bb, se\u00f1al\u00f3 Santilli.<\/p>\n<p>A su vez abord\u00f3 una de las mayores preocupaciones de los bonaerenses, la educaci\u00f3n: \u00abTenemos que buscar a los 500 mil j\u00f3venes que abandonaron la escuela en la provincia de Buenos Aires. Segundo, vamos a hacer obligatoria la evaluaci\u00f3n. Tercero, una ley de emergencia educativa para resolver los problemas de equipamiento, infraestructura y conectividad de todas las escuelas\u00bb.<\/p>\n<p>Otra propuesta sobre la que se explay\u00f3 Santilli es el auxilio para los peque\u00f1os empresarios, que son los m\u00e1ximos empleadores del pa\u00eds. \u00abPara generar trabajo hay que acompa\u00f1ar a las Pymes que la est\u00e1n pasando muy mal y vamos a proponer extender la moratoria hasta diciembre del 2022. Segundo, vamos a presentar una ley de empleo joven para que no paguen cargas patronales todos los empleadores, comercios, pymes y empresas de nuestro pa\u00eds que tomen a j\u00f3venes de 18 a 35 a\u00f1os para empezar a activar la rueda de trabajo en el sector privado\u00bb, explic\u00f3, luego de realizar una caminata por la zona c\u00e9ntrica y conversa con los comerciantes y vecinos de San Fernando.<\/p>\n<p>Tambi\u00e9n respondi\u00f3 sobre el proyecto de seguridad que posee: \u00abTodos los d\u00edas en la provincia vemos c\u00f3mo avanza la inseguridad y la delincuencia. Hay que sacar a los polic\u00edas a la calle. Hay quince mil polic\u00edas que est\u00e1n haciendo tareas administrativas que tienen que estar en la calle para prevenir el delito. Falta decisi\u00f3n pol\u00edtica para resolver la creciente inseguridad que padecen los bonaerenses todos los d\u00edas\u00bb. \u00abLes pido que nos acompa\u00f1en el 14 de noviembre para cambiar la historia, para transformar la provincia.<\/p>\n<p>Estoy convencido de que los bonaerenses van a apostar a un cambio verdadero. Y nosotros como espacio pol\u00edtico tenemos una enorme responsabilidad de estar a la altura de las circunstancias\u00bb, concluy\u00f3 Santilli. Por su parte, Lousteau opin\u00f3 del rumbo que tom\u00f3 el gobierno nacional tras las PASO. \u00abLas medidas no van cambiar la realidad de la gente. El oficialismo desde hace mucho tiempo lo que est\u00e1 mostrando es desd\u00e9n por el futuro de los argentinos. Lo mostr\u00f3 con la cuarenta eterna, lo mostr\u00f3 al comprar mal la vacuna, lo mostr\u00f3 al tener un vacunatorio VIP y al impedir la presencialidad en las escuelas y ahora hace exactamente lo contrario\u00bb, indic\u00f3.<\/p>\n<p>\u00abLo contrario, es sin ninguna justificaci\u00f3n, sin ninguna rigurosidad, y am\u00e9n de eso, lo que empieza hacer es tratar de gastar como dice Martin Tetaz, el plan &#8216;platita&#8217;. Eso tambi\u00e9n va a tener un impacto y un efecto posterior negativo\u00bb, agreg\u00f3.Por \u00faltimo, destac\u00f3 que \u00abpor suerte creo que la gente ya sabe. Sabe que tienen que aceptar esa plata y usarla bien para protegerse de las consecuencias que va tras lo que hace el gobierno\u00bb. De la actividad tambi\u00e9n participaron el diputado nacional, Sebasti\u00e1n Salvador, los candidatos a concejales, Agustina Ciarletta y Federico Storani (h); la candidata a diputada nacional, Danya Tavella y el diputado provincial, Alex Campbell.<\/p>\n","protected":false},"excerpt":{"rendered":"<p>El diputado nacional por Juntos, Diego Santilli, recorri\u00f3 acompa\u00f1ado por el senador, Mart\u00edn Lousteau la localidad de Virreyes, municipio de San Fernando. All\u00ed manifestaron que \u00ablas medidas no van cambiar la realidad de la gente. \u00abNuestro desaf\u00edo es recuperar la dignidad y la identidad de los argentinos. Nuestra identidad es aprender, trabajar y vivir en [&hellip;]<\/p>\n","protected":false},"author":3,"featured_media":35042,"comment_status":"open","ping_status":"open","sticky":false,"template":"","format":"standard","meta":{"_et_pb_use_builder":"","_et_pb_old_content":"","_et_gb_content_width":"","footnotes":""},"categories":[34,13],"tags":[],"class_list":["post-35041","post","type-post","status-publish","format-standard","has-post-thumbnail","hentry","category-politica","category-provincia"],"_links":{"self":[{"href":"https:\/\/vocesdebaires.com.ar\/index.php\/wp-json\/wp\/v2\/posts\/35041"}],"collection":[{"href":"https:\/\/vocesdebaires.com.ar\/index.php\/wp-json\/wp\/v2\/posts"}],"about":[{"href":"https:\/\/vocesdebaires.com.ar\/index.php\/wp-json\/wp\/v2\/types\/post"}],"author":[{"embeddable":true,"href":"https:\/\/vocesdebaires.com.ar\/index.php\/wp-json\/wp\/v2\/users\/3"}],"replies":[{"embeddable":true,"href":"https:\/\/vocesdebaires.com.ar\/index.php\/wp-json\/wp\/v2\/comments?post=35041"}],"version-history":[{"count":1,"href":"https:\/\/vocesdebaires.com.ar\/index.php\/wp-json\/wp\/v2\/posts\/35041\/revisions"}],"predecessor-version":[{"id":35043,"href":"https:\/\/vocesdebaires.com.ar\/index.php\/wp-json\/wp\/v2\/posts\/35041\/revisions\/35043"}],"wp:featuredmedia":[{"embeddable":true,"href":"https:\/\/vocesdebaires.com.ar\/index.php\/wp-json\/wp\/v2\/media\/35042"}],"wp:attachment":[{"href":"https:\/\/vocesdebaires.com.ar\/index.php\/wp-json\/wp\/v2\/media?parent=35041"}],"wp:term":[{"taxonomy":"category","embeddable":true,"href":"https:\/\/vocesdebaires.com.ar\/index.php\/wp-json\/wp\/v2\/categories?post=35041"},{"taxonomy":"post_tag","embeddable":true,"href":"https:\/\/vocesdebaires.com.ar\/index.php\/wp-json\/wp\/v2\/tags?post=35041"}],"curies":[{"name":"wp","href":"https:\/\/api.w.org\/{rel}","templated":true}]}}