{"id":35099,"date":"2021-10-18T00:00:15","date_gmt":"2021-10-18T03:00:15","guid":{"rendered":"https:\/\/vocesdebaires.com.ar\/?p=35099"},"modified":"2021-10-17T23:05:01","modified_gmt":"2021-10-18T02:05:01","slug":"santilli-continuo-su-recorrida-por-la-localidad-de-zarate-junto-a-frigerio","status":"publish","type":"post","link":"https:\/\/vocesdebaires.com.ar\/index.php\/2021\/10\/18\/santilli-continuo-su-recorrida-por-la-localidad-de-zarate-junto-a-frigerio\/","title":{"rendered":"Santilli: Continu\u00f3 su recorrida por la localidad de Z\u00e1rate, junto a Frigerio"},"content":{"rendered":"<p>El candidato a diputado nacional por Juntos, Diego Santilli, continu\u00f3 su recorrida este fin de semana por la provincia en la localidad de Z\u00e1rate, donde comparti\u00f3 reuniones junto a vecinos y referentes de la zona acompa\u00f1ado por el ex ministro del Interior y candidato a diputado en Entre R\u00edos, Rogelio Frigerio, y los candidatos a concejales locales Marcelo Matzkin y Alejandra Lozano. All\u00ed Santilli y Frigerio llamaron a que \u00abel 14 de noviembre tenemos la oportunidad de decir qu\u00e9 Argentina queremos\u00bb.<\/p>\n<p>Santilli record\u00f3 al polic\u00eda asesinado dos d\u00edas atr\u00e1s y llam\u00f3 a \u201cterminar con la puerta giratoria y una sociedad que vive encerrada\u00bb. \u00abQueremos una sociedad libre, con los delincuentes presos, aplicando la reforma del c\u00f3digo y poniendo polic\u00edas en la calle\u201d, defini\u00f3. Sobre el v\u00ednculo entre Buenos Aires y Entre R\u00edos, Santilli sostuvo que: \u201ccon Rogelio me unen los mismos valores y visi\u00f3n de pa\u00eds, queremos una sociedad de trabajo, de producci\u00f3n, recuperar la dignidad y la cultura del trabajo\u201d, expres\u00f3.<\/p>\n<p>Frigerio sostuvo adem\u00e1s que \u201ctodos le pusimos un freno al kirchnerismo y queremos una sociedad con las escuelas llenas de chicos aprendiendo, con m\u00e1s producci\u00f3n y libertad\u201d. Frigerio opin\u00f3 tambi\u00e9n sobre la problem\u00e1tica de los m\u00e1s j\u00f3venes, al plantear que \u201chay un 50% de los chicos que no terminan el secundario y les cuesta encontrar trabajo, hay un divorcio entre las exigencias del trabajo del siglo XXI y la formaci\u00f3n de nuestros chicos que tenemos que cambiar\u201d. \u00abLa sociedad no quiere d\u00e1divas, no quieren que jueguen con su dignidad, quieren trabajar\u00bb, concluy\u00f3 Frigerio. Santilli llam\u00f3 a votar \u201cpara defender nuestros valores, para defender el trabajo, la educaci\u00f3n y la seguridad\u201d.<\/p>\n<p>Antes del encuentro en Zarate, Santilli recorri\u00f3 las localidades de San Nicol\u00e1s y San Pedro, donde visit\u00f3 el santuario de Nuestra se\u00f1ora del Rosario de San Nicol\u00e1s y almorz\u00f3 con referentes locales antes de participar de un caf\u00e9 con voluntarios y vecinos de San Nicol\u00e1s, junto al intendente Manuel Passaglia y el diputado provincial Santiago Passaglia. En San Pedro comparti\u00f3 una reuni\u00f3n con comerciantes y productores, y particip\u00f3 tambi\u00e9n de un encuentro con vecinos.<\/p>\n","protected":false},"excerpt":{"rendered":"<p>El candidato a diputado nacional por Juntos, Diego Santilli, continu\u00f3 su recorrida este fin de semana por la provincia en la localidad de Z\u00e1rate, donde comparti\u00f3 reuniones junto a vecinos y referentes de la zona acompa\u00f1ado por el ex ministro del Interior y candidato a diputado en Entre R\u00edos, Rogelio Frigerio, y los candidatos a [&hellip;]<\/p>\n","protected":false},"author":3,"featured_media":35100,"comment_status":"open","ping_status":"open","sticky":false,"template":"","format":"standard","meta":{"_et_pb_use_builder":"","_et_pb_old_content":"","_et_gb_content_width":"","footnotes":""},"categories":[34,13],"tags":[],"class_list":["post-35099","post","type-post","status-publish","format-standard","has-post-thumbnail","hentry","category-politica","category-provincia"],"_links":{"self":[{"href":"https:\/\/vocesdebaires.com.ar\/index.php\/wp-json\/wp\/v2\/posts\/35099"}],"collection":[{"href":"https:\/\/vocesdebaires.com.ar\/index.php\/wp-json\/wp\/v2\/posts"}],"about":[{"href":"https:\/\/vocesdebaires.com.ar\/index.php\/wp-json\/wp\/v2\/types\/post"}],"author":[{"embeddable":true,"href":"https:\/\/vocesdebaires.com.ar\/index.php\/wp-json\/wp\/v2\/users\/3"}],"replies":[{"embeddable":true,"href":"https:\/\/vocesdebaires.com.ar\/index.php\/wp-json\/wp\/v2\/comments?post=35099"}],"version-history":[{"count":1,"href":"https:\/\/vocesdebaires.com.ar\/index.php\/wp-json\/wp\/v2\/posts\/35099\/revisions"}],"predecessor-version":[{"id":35101,"href":"https:\/\/vocesdebaires.com.ar\/index.php\/wp-json\/wp\/v2\/posts\/35099\/revisions\/35101"}],"wp:featuredmedia":[{"embeddable":true,"href":"https:\/\/vocesdebaires.com.ar\/index.php\/wp-json\/wp\/v2\/media\/35100"}],"wp:attachment":[{"href":"https:\/\/vocesdebaires.com.ar\/index.php\/wp-json\/wp\/v2\/media?parent=35099"}],"wp:term":[{"taxonomy":"category","embeddable":true,"href":"https:\/\/vocesdebaires.com.ar\/index.php\/wp-json\/wp\/v2\/categories?post=35099"},{"taxonomy":"post_tag","embeddable":true,"href":"https:\/\/vocesdebaires.com.ar\/index.php\/wp-json\/wp\/v2\/tags?post=35099"}],"curies":[{"name":"wp","href":"https:\/\/api.w.org\/{rel}","templated":true}]}}