{"id":35106,"date":"2021-10-18T00:00:58","date_gmt":"2021-10-18T03:00:58","guid":{"rendered":"https:\/\/vocesdebaires.com.ar\/?p=35106"},"modified":"2021-10-17T23:16:26","modified_gmt":"2021-10-18T02:16:26","slug":"diego-santilli-tras-participar-del-coloquio-de-ideade-recorridas","status":"publish","type":"post","link":"https:\/\/vocesdebaires.com.ar\/index.php\/2021\/10\/18\/diego-santilli-tras-participar-del-coloquio-de-ideade-recorridas\/","title":{"rendered":"Diego Santilli: Tras participar del Coloquio de Idea,de recorridas"},"content":{"rendered":"<p>El primer candidato a diputado nacional de Juntos en la provincia de Buenos Aires, Diego Santilli, disert\u00f3 en el coloquio de IDEA donde llam\u00f3 a \u00abrecuperar la cultura del trabajo, bajar impuestos e impulsar el trabajo joven\u00bb. Tambi\u00e9n convoc\u00f3 a un \u00abconsenso entre quienes generan trabajo con reglas claras y previsibles para que en los pr\u00f3ximos a\u00f1os la Argentina consolide como pol\u00edtica de Estado la producci\u00f3n y el desarrollo sostenible\u00bb.<\/p>\n<p>Santilli recorri\u00f3\u00a0 las localidades de Rojas, Col\u00f3n, Pergamino, San Nicol\u00e1s, San Pedro y Z\u00e1rate. En Pergamino, estuvo junto a las candidatas Graciela Oca\u00f1a y Danya Tavela, y el Intendente local, Javier Mart\u00ednez, visit\u00f3 una feria comercial a cielo abierto y se reuni\u00f3 con voluntarios de la militancia. Por su parte, ma\u00f1ana en San Nicol\u00e1s visitar\u00e1 el santuario Nuestra Se\u00f1ora del Rosario junto a Miguel \u00c1ngel Pichetto y el intendente local Manuel Passaglia. Luego, Santilli estar\u00e1 en San Pedro, donde tambi\u00e9n se reunir\u00e1 con candidatos y referentes de la zona. Por \u00faltimo, el candidato de Juntos en la provincia llegar\u00e1 a Z\u00e1rate para encontrarse con Rogelio Frigerio, ex ministro de Interior y candidato a diputado nacional en Entre R\u00edos por Juntos, donde se reunir\u00e1n con vecinos, comerciantes y productores.<\/p>\n","protected":false},"excerpt":{"rendered":"<p>El primer candidato a diputado nacional de Juntos en la provincia de Buenos Aires, Diego Santilli, disert\u00f3 en el coloquio de IDEA donde llam\u00f3 a \u00abrecuperar la cultura del trabajo, bajar impuestos e impulsar el trabajo joven\u00bb. Tambi\u00e9n convoc\u00f3 a un \u00abconsenso entre quienes generan trabajo con reglas claras y previsibles para que en los [&hellip;]<\/p>\n","protected":false},"author":3,"featured_media":35107,"comment_status":"open","ping_status":"open","sticky":false,"template":"","format":"standard","meta":{"_et_pb_use_builder":"","_et_pb_old_content":"","_et_gb_content_width":"","footnotes":""},"categories":[34,13],"tags":[],"class_list":["post-35106","post","type-post","status-publish","format-standard","has-post-thumbnail","hentry","category-politica","category-provincia"],"_links":{"self":[{"href":"https:\/\/vocesdebaires.com.ar\/index.php\/wp-json\/wp\/v2\/posts\/35106"}],"collection":[{"href":"https:\/\/vocesdebaires.com.ar\/index.php\/wp-json\/wp\/v2\/posts"}],"about":[{"href":"https:\/\/vocesdebaires.com.ar\/index.php\/wp-json\/wp\/v2\/types\/post"}],"author":[{"embeddable":true,"href":"https:\/\/vocesdebaires.com.ar\/index.php\/wp-json\/wp\/v2\/users\/3"}],"replies":[{"embeddable":true,"href":"https:\/\/vocesdebaires.com.ar\/index.php\/wp-json\/wp\/v2\/comments?post=35106"}],"version-history":[{"count":1,"href":"https:\/\/vocesdebaires.com.ar\/index.php\/wp-json\/wp\/v2\/posts\/35106\/revisions"}],"predecessor-version":[{"id":35108,"href":"https:\/\/vocesdebaires.com.ar\/index.php\/wp-json\/wp\/v2\/posts\/35106\/revisions\/35108"}],"wp:featuredmedia":[{"embeddable":true,"href":"https:\/\/vocesdebaires.com.ar\/index.php\/wp-json\/wp\/v2\/media\/35107"}],"wp:attachment":[{"href":"https:\/\/vocesdebaires.com.ar\/index.php\/wp-json\/wp\/v2\/media?parent=35106"}],"wp:term":[{"taxonomy":"category","embeddable":true,"href":"https:\/\/vocesdebaires.com.ar\/index.php\/wp-json\/wp\/v2\/categories?post=35106"},{"taxonomy":"post_tag","embeddable":true,"href":"https:\/\/vocesdebaires.com.ar\/index.php\/wp-json\/wp\/v2\/tags?post=35106"}],"curies":[{"name":"wp","href":"https:\/\/api.w.org\/{rel}","templated":true}]}}