{"id":3515,"date":"2019-02-01T03:00:00","date_gmt":"2019-02-01T06:00:00","guid":{"rendered":"http:\/\/vocesdebaires.com.ar\/wordpress\/index.php\/2019\/02\/01\/subsidio-de-contencion-familiar-de-anses\/"},"modified":"2019-02-01T03:00:00","modified_gmt":"2019-02-01T06:00:00","slug":"subsidio-de-contencion-familiar-de-anses","status":"publish","type":"post","link":"https:\/\/vocesdebaires.com.ar\/index.php\/2019\/02\/01\/subsidio-de-contencion-familiar-de-anses\/","title":{"rendered":"Subsidio de contenci\u00f3n familiar de ANSES"},"content":{"rendered":"<p>El Subsidio de Contenci\u00f3n Familiar es un reintegro por gastos de sepelio que se cobra luego del fallecimiento de un jubilado o pensionado de ANSES. Ahora tambi\u00e9n pueden percibirlo los familiares de trabajadores incluidos dentro de alg\u00fan programa o prestaci\u00f3n de Anses.El subsidio consiste en un pago \u00fanico de $6.000.Para gestionarlo deben solicitar un turno ante Anses y presentar la siguiente documentaci\u00f3n:<\/p>\n<p>DNI.<\/p>\n<p>Partida de defunci\u00f3n.<\/p>\n<p>Comprobante de pago de la casa de sepelios a nombre de la persona que solicita el subsidio.<\/p>\n<p>Es importante informar que hay un plazo de un a\u00f1o, desde el fallecimiento, para solicitarlo.<\/p>\n","protected":false},"excerpt":{"rendered":"<p>El Subsidio de Contenci\u00f3n Familiar es un reintegro por gastos de sepelio que se cobra luego del fallecimiento de un jubilado o pensionado de ANSES. Ahora tambi\u00e9n pueden percibirlo los familiares de trabajadores incluidos dentro de alg\u00fan programa o prestaci\u00f3n de Anses.El subsidio consiste en un pago \u00fanico de $6.000.Para gestionarlo deben solicitar un turno [&hellip;]<\/p>\n","protected":false},"author":1,"featured_media":3516,"comment_status":"open","ping_status":"open","sticky":false,"template":"","format":"standard","meta":{"_et_pb_use_builder":"","_et_pb_old_content":"","_et_gb_content_width":"","footnotes":""},"categories":[11,33],"tags":[],"class_list":["post-3515","post","type-post","status-publish","format-standard","has-post-thumbnail","hentry","category-ciudad","category-sociedad-y-cultura-2"],"_links":{"self":[{"href":"https:\/\/vocesdebaires.com.ar\/index.php\/wp-json\/wp\/v2\/posts\/3515"}],"collection":[{"href":"https:\/\/vocesdebaires.com.ar\/index.php\/wp-json\/wp\/v2\/posts"}],"about":[{"href":"https:\/\/vocesdebaires.com.ar\/index.php\/wp-json\/wp\/v2\/types\/post"}],"author":[{"embeddable":true,"href":"https:\/\/vocesdebaires.com.ar\/index.php\/wp-json\/wp\/v2\/users\/1"}],"replies":[{"embeddable":true,"href":"https:\/\/vocesdebaires.com.ar\/index.php\/wp-json\/wp\/v2\/comments?post=3515"}],"version-history":[{"count":0,"href":"https:\/\/vocesdebaires.com.ar\/index.php\/wp-json\/wp\/v2\/posts\/3515\/revisions"}],"wp:featuredmedia":[{"embeddable":true,"href":"https:\/\/vocesdebaires.com.ar\/index.php\/wp-json\/wp\/v2\/media\/3516"}],"wp:attachment":[{"href":"https:\/\/vocesdebaires.com.ar\/index.php\/wp-json\/wp\/v2\/media?parent=3515"}],"wp:term":[{"taxonomy":"category","embeddable":true,"href":"https:\/\/vocesdebaires.com.ar\/index.php\/wp-json\/wp\/v2\/categories?post=3515"},{"taxonomy":"post_tag","embeddable":true,"href":"https:\/\/vocesdebaires.com.ar\/index.php\/wp-json\/wp\/v2\/tags?post=3515"}],"curies":[{"name":"wp","href":"https:\/\/api.w.org\/{rel}","templated":true}]}}