{"id":35282,"date":"2021-10-28T00:00:41","date_gmt":"2021-10-28T03:00:41","guid":{"rendered":"https:\/\/vocesdebaires.com.ar\/?p=35282"},"modified":"2021-10-27T22:19:36","modified_gmt":"2021-10-28T01:19:36","slug":"el-candidato-a-diputado-nacional-santilli-estuvo-en-lomas-de-zamora","status":"publish","type":"post","link":"https:\/\/vocesdebaires.com.ar\/index.php\/2021\/10\/28\/el-candidato-a-diputado-nacional-santilli-estuvo-en-lomas-de-zamora\/","title":{"rendered":"El candidato a diputado nacional, Santilli, estuvo en Lomas de Zamora"},"content":{"rendered":"<p>El candidato, Diego Santilli, estuvo ayer en Lomas de Zamora junto al senador nacional Mart\u00edn Lousteau. All\u00ed, asegur\u00f3 que \u00abes notable la falta de autocr\u00edtica por la p\u00e9sima gesti\u00f3n tanto del Gobernador como del Presidente\u00bb. El candidato a diputado nacional de Juntos, Diego Santilli, asegur\u00f3 hoy en una reuni\u00f3n de vecinos en Lomas de Zamora, que \u201cel Gobierno protege a los delincuentes. Se burlan del enorme problema de inseguridad que hay en la provincia de Buenos Aires. Es firme para castigar a los empresarios y blando para perseguir a los delincuentes\u00bb. \u00abTolosa Paz se dedic\u00f3 toda la campa\u00f1a a hablar de la oposici\u00f3n, a chicanear y a agraviar. No hizo una sola propuesta\u00bb, asegur\u00f3 Santilli.<\/p>\n<p>\u00abEs notable la falta de autocr\u00edtica por la p\u00e9sima gesti\u00f3n tanto en la Provincia como a nivel nacional\u00bb, a\u00f1adi\u00f3. Tambi\u00e9n, Santilli manifest\u00f3 su visi\u00f3n sobre la situaci\u00f3n econ\u00f3mica del pa\u00eds: \u00abTenemos 50% de inflaci\u00f3n, 40% de pobreza, 11% de indigencia, 10% desempleo y el d\u00f3lar blue llegando a los 200 pesos. No hay confianza ni credibilidad en el gobierno. No hay rumbo ni plan econ\u00f3mico\u00bb. Adem\u00e1s, afirm\u00f3 que \u00abManzur y Guzm\u00e1n viajan a Estados Unidos para buscar un acuerdo por la deuda, ac\u00e1 La C\u00e1mpora y la Vicepresidente festejan que no les van a pagar. \u00bfHasta cu\u00e1ndo van a barrer los temas estructurales bajo la alfombra?\u00bb.<\/p>\n<p>Por su parte, Lousteau afirm\u00f3 que \u00absi repetimos la elecci\u00f3n que hicimos en las PASO, Cristina Kirchner no va a tener m\u00e1s qu\u00f3rum para hacer lo que quiera y va a tener que tratar otros proyectos y si hacemos una mejor elecci\u00f3n, vamos a ser la primera minor\u00eda en Diputados\u00bb. \u00abArgentina no va a cambiar si no administramos el Estado de otra manera, con m\u00e1s decencia y m\u00e1s eficiencia\u00bb, agreg\u00f3. De la actividad tambi\u00e9n participaron la candidata a diputada, Danya Tavella, el candidato a legislador provincial Pablo Domenichini, y el candidato a concejal, Guillermo Vi\u00f1uales.<\/p>\n","protected":false},"excerpt":{"rendered":"<p>El candidato, Diego Santilli, estuvo ayer en Lomas de Zamora junto al senador nacional Mart\u00edn Lousteau. All\u00ed, asegur\u00f3 que \u00abes notable la falta de autocr\u00edtica por la p\u00e9sima gesti\u00f3n tanto del Gobernador como del Presidente\u00bb. El candidato a diputado nacional de Juntos, Diego Santilli, asegur\u00f3 hoy en una reuni\u00f3n de vecinos en Lomas de Zamora, [&hellip;]<\/p>\n","protected":false},"author":2,"featured_media":35283,"comment_status":"open","ping_status":"open","sticky":false,"template":"","format":"standard","meta":{"_et_pb_use_builder":"","_et_pb_old_content":"","_et_gb_content_width":"","footnotes":""},"categories":[34,13],"tags":[],"class_list":["post-35282","post","type-post","status-publish","format-standard","has-post-thumbnail","hentry","category-politica","category-provincia"],"_links":{"self":[{"href":"https:\/\/vocesdebaires.com.ar\/index.php\/wp-json\/wp\/v2\/posts\/35282"}],"collection":[{"href":"https:\/\/vocesdebaires.com.ar\/index.php\/wp-json\/wp\/v2\/posts"}],"about":[{"href":"https:\/\/vocesdebaires.com.ar\/index.php\/wp-json\/wp\/v2\/types\/post"}],"author":[{"embeddable":true,"href":"https:\/\/vocesdebaires.com.ar\/index.php\/wp-json\/wp\/v2\/users\/2"}],"replies":[{"embeddable":true,"href":"https:\/\/vocesdebaires.com.ar\/index.php\/wp-json\/wp\/v2\/comments?post=35282"}],"version-history":[{"count":1,"href":"https:\/\/vocesdebaires.com.ar\/index.php\/wp-json\/wp\/v2\/posts\/35282\/revisions"}],"predecessor-version":[{"id":35284,"href":"https:\/\/vocesdebaires.com.ar\/index.php\/wp-json\/wp\/v2\/posts\/35282\/revisions\/35284"}],"wp:featuredmedia":[{"embeddable":true,"href":"https:\/\/vocesdebaires.com.ar\/index.php\/wp-json\/wp\/v2\/media\/35283"}],"wp:attachment":[{"href":"https:\/\/vocesdebaires.com.ar\/index.php\/wp-json\/wp\/v2\/media?parent=35282"}],"wp:term":[{"taxonomy":"category","embeddable":true,"href":"https:\/\/vocesdebaires.com.ar\/index.php\/wp-json\/wp\/v2\/categories?post=35282"},{"taxonomy":"post_tag","embeddable":true,"href":"https:\/\/vocesdebaires.com.ar\/index.php\/wp-json\/wp\/v2\/tags?post=35282"}],"curies":[{"name":"wp","href":"https:\/\/api.w.org\/{rel}","templated":true}]}}