{"id":35292,"date":"2021-10-28T00:00:29","date_gmt":"2021-10-28T03:00:29","guid":{"rendered":"https:\/\/vocesdebaires.com.ar\/?p=35292"},"modified":"2021-10-27T22:26:02","modified_gmt":"2021-10-28T01:26:02","slug":"diego-santilli-recorrio-pilar-junto-con-rodriguez-larreta","status":"publish","type":"post","link":"https:\/\/vocesdebaires.com.ar\/index.php\/2021\/10\/28\/diego-santilli-recorrio-pilar-junto-con-rodriguez-larreta\/","title":{"rendered":"Diego Santilli recorri\u00f3 Pilar junto con Rodriguez Larreta"},"content":{"rendered":"<p>El candidato a diputado nacional por Juntos, Diego Santilli, recorri\u00f3 ayer Pilar con el Jefe de Gobierno de la Ciudad, Horacio Rodr\u00edguez Larreta y el candidato a concejal local, Sebasti\u00e1n Neuspiller. \u201cEn el momento tan delicado que vivimos los argentinos no hay lugar para las chicanas que plantea permanentemente Tolosa Paz. Los bonaerenses van a decidir el 14 de noviembre en las urnas. Lo que quieren los argentinos es conocer las propuestas del oficialismo, que hasta ahora no aparecieron en toda la campa\u00f1a\u201d. Por su parte, Rodr\u00edguez Larreta se refiri\u00f3 a la reuni\u00f3n que tuvieron hoy con el ex Presidente, Mauricio Macri.<\/p>\n<p>\u201cLe dimos todo nuestro apoyo para la indagatoria de Dolores, que claramente es una movida pol\u00edtica. El no estaba ni mencionado en el expediente y lo llaman a indagatoria en el medio de la campa\u00f1a. Fuimos con Mar\u00eda Eugenia, Diego, Jorge Macri y Graciela Oca\u00f1a a brindarle todo nuestro respaldo\u201d. En tanto, Neuspiller cerr\u00f3 la ronda de medios al decir que \u00abseguimos caminando como todos los d\u00edas. Hoy con Horacio y Diego y con vecinos de Pilar. Vecinos que dijeron basta de inflaci\u00f3n, de corrupci\u00f3n y de privilegios. Que se cansaron y que van a reventar las urnas el 14 para decirle basta para siempre al kirchnerismo\u00bb.<\/p>\n","protected":false},"excerpt":{"rendered":"<p>El candidato a diputado nacional por Juntos, Diego Santilli, recorri\u00f3 ayer Pilar con el Jefe de Gobierno de la Ciudad, Horacio Rodr\u00edguez Larreta y el candidato a concejal local, Sebasti\u00e1n Neuspiller. \u201cEn el momento tan delicado que vivimos los argentinos no hay lugar para las chicanas que plantea permanentemente Tolosa Paz. Los bonaerenses van a [&hellip;]<\/p>\n","protected":false},"author":2,"featured_media":35293,"comment_status":"open","ping_status":"open","sticky":false,"template":"","format":"standard","meta":{"_et_pb_use_builder":"","_et_pb_old_content":"","_et_gb_content_width":"","footnotes":""},"categories":[34,13],"tags":[],"class_list":["post-35292","post","type-post","status-publish","format-standard","has-post-thumbnail","hentry","category-politica","category-provincia"],"_links":{"self":[{"href":"https:\/\/vocesdebaires.com.ar\/index.php\/wp-json\/wp\/v2\/posts\/35292"}],"collection":[{"href":"https:\/\/vocesdebaires.com.ar\/index.php\/wp-json\/wp\/v2\/posts"}],"about":[{"href":"https:\/\/vocesdebaires.com.ar\/index.php\/wp-json\/wp\/v2\/types\/post"}],"author":[{"embeddable":true,"href":"https:\/\/vocesdebaires.com.ar\/index.php\/wp-json\/wp\/v2\/users\/2"}],"replies":[{"embeddable":true,"href":"https:\/\/vocesdebaires.com.ar\/index.php\/wp-json\/wp\/v2\/comments?post=35292"}],"version-history":[{"count":1,"href":"https:\/\/vocesdebaires.com.ar\/index.php\/wp-json\/wp\/v2\/posts\/35292\/revisions"}],"predecessor-version":[{"id":35294,"href":"https:\/\/vocesdebaires.com.ar\/index.php\/wp-json\/wp\/v2\/posts\/35292\/revisions\/35294"}],"wp:featuredmedia":[{"embeddable":true,"href":"https:\/\/vocesdebaires.com.ar\/index.php\/wp-json\/wp\/v2\/media\/35293"}],"wp:attachment":[{"href":"https:\/\/vocesdebaires.com.ar\/index.php\/wp-json\/wp\/v2\/media?parent=35292"}],"wp:term":[{"taxonomy":"category","embeddable":true,"href":"https:\/\/vocesdebaires.com.ar\/index.php\/wp-json\/wp\/v2\/categories?post=35292"},{"taxonomy":"post_tag","embeddable":true,"href":"https:\/\/vocesdebaires.com.ar\/index.php\/wp-json\/wp\/v2\/tags?post=35292"}],"curies":[{"name":"wp","href":"https:\/\/api.w.org\/{rel}","templated":true}]}}