{"id":35318,"date":"2021-11-01T00:26:02","date_gmt":"2021-11-01T03:26:02","guid":{"rendered":"https:\/\/vocesdebaires.com.ar\/?p=35318"},"modified":"2021-11-01T00:26:02","modified_gmt":"2021-11-01T03:26:02","slug":"santillihay-que-terminar-con-la-cultura-k-de-la-imposicion","status":"publish","type":"post","link":"https:\/\/vocesdebaires.com.ar\/index.php\/2021\/11\/01\/santillihay-que-terminar-con-la-cultura-k-de-la-imposicion\/","title":{"rendered":"Santilli:\u00bbHay que terminar con la cultura K de la imposici\u00f3n\u00bb"},"content":{"rendered":"<p>El candidato de Juntos en la provincia, Diego Santilli, est\u00e1 de recorrida por la sexta secci\u00f3n electoral. Junto al intendente de Bah\u00eda, H\u00e9ctor Gay, Santilli pidi\u00f3 \u201cquitarle la mayor\u00eda al kirchnerismo\u00bb para poner en el Congreso los temas vinculados a la \u00abeducaci\u00f3n de calidad, generaci\u00f3n de trabajo, potenciar la producci\u00f3n, y enfrentar la creciente crisis de seguridad\u00bb.<br \/>\nEn una conferencia de prensa convocada por Juntos en Bah\u00eda Blanca, Diego Santilli expres\u00f3 sus diferencias con la actual gesti\u00f3n nacional y provincial, y aprovech\u00f3 para contar algunas de sus propuestas.<\/p>\n<p>Sobre el escenario electoral y la futura situaci\u00f3n parlamentaria de Juntos por el Cambio en el Congreso, Santilli sostuvo: \u00abaspiramos a mejorar a\u00fan m\u00e1s las elecciones que hicimos en las PASO para tener los senadores y diputados necesarios para quitarles la mayor\u00eda al gobierno kirchneristas. Y de esa forma, poder llevar adelante e impulsar una agenda en el Congreso vinculada a la educaci\u00f3n de calidad, a la generaci\u00f3n de trabajo, a alentar la producci\u00f3n, y a enfrentar la creciente crisis de seguridad que viven d\u00eda a d\u00eda los bonaerenses y argentinos\u00bb.<br \/>\n\u00abYa sabemos c\u00f3mo se maneja el kirchnerismo con mayor\u00eda. Impone su agenda, no busca consensuar nada y avasalla las instituciones.<\/p>\n<p>Hay que terminar con la cultura K de la imposici\u00f3n\u00bb, expres\u00f3 el candidato de Juntos. \u00abEn la historia Argentina hubo 10 mecanismos de control de precios, todos fracasaron. Ahora el gobierno vuelve a impulsar el cepo a la exportaci\u00f3n de ma\u00edz. \u00bfPor qu\u00e9 repetimos viejas recetas que nunca dieron resultados positivos? Necesitamos retomar el camino de la sensatez y del sentido com\u00fan para enfrentar los problemas hist\u00f3ricos de nuestra provincia y del pa\u00eds con soluciones de fondo, no con parches e improvisaciones\u00bb, propuso Santilli.<\/p>\n<p>Para el candidato de Juntos en la provincia, \u00abdurante la campa\u00f1a no escuch\u00e9 propuestas en el oficialismo ni en el kirchnerismo. Lo que s\u00ed escuch\u00e9 son mentiras, chicanas y agravios\u00bb.<br \/>\n\u00abSin embargo, nuestro espacio hizo 22 propuestas concretas: declarar obligatoria la evaluaci\u00f3n educativa; lanzar la ley de emergencia educativa para que haya conectividad y equipamiento en la infraestructura de las escuelas de nuestro pa\u00eds. En materia de trabajo, promover una ley de empleo joven y eliminar los impuestos laborales a todas la pymes y comercios y empresas por cinco a\u00f1os\u00bb, afirm\u00f3 Santilli, que tambi\u00e9n recorri\u00f3 las ciudades de Coronel Rosales y Villari\u00f1o, acompa\u00f1ado por el candidato a legislador provincial Lorenzo Natali.<\/p>\n<p>\u00abEn materia de seguridad, modificar el c\u00f3digo procesal penal para que los delincuentes no entren por una puerta y salgan por la otra, y sancionar el c\u00f3digo penal. Y en materia de producci\u00f3n, bajar los impuestos a las pymes, comercios y productores, sobre todo porque en \u00e9stos dos a\u00f1os se crearon 3 impuestos nuevos y hubo 16 subas de impuestos, si seguimos por ese sendero nadie va a venir a invertir a la Argentina. Toda esa bater\u00eda de propuestas fue presentada por Juntos en la Provincia\u00bb, concluy\u00f3.<\/p>\n","protected":false},"excerpt":{"rendered":"<p>El candidato de Juntos en la provincia, Diego Santilli, est\u00e1 de recorrida por la sexta secci\u00f3n electoral. Junto al intendente de Bah\u00eda, H\u00e9ctor Gay, Santilli pidi\u00f3 \u201cquitarle la mayor\u00eda al kirchnerismo\u00bb para poner en el Congreso los temas vinculados a la \u00abeducaci\u00f3n de calidad, generaci\u00f3n de trabajo, potenciar la producci\u00f3n, y enfrentar la creciente crisis [&hellip;]<\/p>\n","protected":false},"author":3,"featured_media":35319,"comment_status":"open","ping_status":"open","sticky":false,"template":"","format":"standard","meta":{"_et_pb_use_builder":"","_et_pb_old_content":"","_et_gb_content_width":"","footnotes":""},"categories":[34,13],"tags":[],"class_list":["post-35318","post","type-post","status-publish","format-standard","has-post-thumbnail","hentry","category-politica","category-provincia"],"_links":{"self":[{"href":"https:\/\/vocesdebaires.com.ar\/index.php\/wp-json\/wp\/v2\/posts\/35318"}],"collection":[{"href":"https:\/\/vocesdebaires.com.ar\/index.php\/wp-json\/wp\/v2\/posts"}],"about":[{"href":"https:\/\/vocesdebaires.com.ar\/index.php\/wp-json\/wp\/v2\/types\/post"}],"author":[{"embeddable":true,"href":"https:\/\/vocesdebaires.com.ar\/index.php\/wp-json\/wp\/v2\/users\/3"}],"replies":[{"embeddable":true,"href":"https:\/\/vocesdebaires.com.ar\/index.php\/wp-json\/wp\/v2\/comments?post=35318"}],"version-history":[{"count":1,"href":"https:\/\/vocesdebaires.com.ar\/index.php\/wp-json\/wp\/v2\/posts\/35318\/revisions"}],"predecessor-version":[{"id":35320,"href":"https:\/\/vocesdebaires.com.ar\/index.php\/wp-json\/wp\/v2\/posts\/35318\/revisions\/35320"}],"wp:featuredmedia":[{"embeddable":true,"href":"https:\/\/vocesdebaires.com.ar\/index.php\/wp-json\/wp\/v2\/media\/35319"}],"wp:attachment":[{"href":"https:\/\/vocesdebaires.com.ar\/index.php\/wp-json\/wp\/v2\/media?parent=35318"}],"wp:term":[{"taxonomy":"category","embeddable":true,"href":"https:\/\/vocesdebaires.com.ar\/index.php\/wp-json\/wp\/v2\/categories?post=35318"},{"taxonomy":"post_tag","embeddable":true,"href":"https:\/\/vocesdebaires.com.ar\/index.php\/wp-json\/wp\/v2\/tags?post=35318"}],"curies":[{"name":"wp","href":"https:\/\/api.w.org\/{rel}","templated":true}]}}