{"id":35321,"date":"2021-11-01T00:28:09","date_gmt":"2021-11-01T03:28:09","guid":{"rendered":"https:\/\/vocesdebaires.com.ar\/?p=35321"},"modified":"2021-11-01T00:28:09","modified_gmt":"2021-11-01T03:28:09","slug":"laferrere-incidentes-contra-militantes-de-juntos-por-el-cambio","status":"publish","type":"post","link":"https:\/\/vocesdebaires.com.ar\/index.php\/2021\/11\/01\/laferrere-incidentes-contra-militantes-de-juntos-por-el-cambio\/","title":{"rendered":"Laferrere: Incidentes contra militantes de Juntos por el Cambio"},"content":{"rendered":"<p>Desde la Coalici\u00f3n C\u00edvica repudiamos la violencia ejercida este fin de semana contra militantes de Juntos por el Cambio en Laferrere, partido de La Matanza. Nos solidarizamos con nuestro compa\u00f1ero H\u00e9ctor Toty Flores, que est\u00e1 dando la firme, pac\u00edfica y persistente pelea contra los violentos que militan en el Frente de Todos y encabeza la lista de concejales de Juntos por el Cambio en ese municipio. La violencia a la que est\u00e1n acostumbrados algunos militantes del PJ desde hace a\u00f1os es cada vez cada menos tolerada, hay un pueblo que dice basta y que sabemos que los va a repudiar con fuerza el pr\u00f3ximo 14 de noviembre en las urnas. Sabemos que Toty y todos los militantes de Juntos no se van a dejar amedrentar y van a seguir adelante para transformar La Matanza.<\/p>\n","protected":false},"excerpt":{"rendered":"<p>Desde la Coalici\u00f3n C\u00edvica repudiamos la violencia ejercida este fin de semana contra militantes de Juntos por el Cambio en Laferrere, partido de La Matanza. Nos solidarizamos con nuestro compa\u00f1ero H\u00e9ctor Toty Flores, que est\u00e1 dando la firme, pac\u00edfica y persistente pelea contra los violentos que militan en el Frente de Todos y encabeza la [&hellip;]<\/p>\n","protected":false},"author":3,"featured_media":35322,"comment_status":"open","ping_status":"open","sticky":false,"template":"","format":"standard","meta":{"_et_pb_use_builder":"","_et_pb_old_content":"","_et_gb_content_width":"","footnotes":""},"categories":[34,13],"tags":[],"class_list":["post-35321","post","type-post","status-publish","format-standard","has-post-thumbnail","hentry","category-politica","category-provincia"],"_links":{"self":[{"href":"https:\/\/vocesdebaires.com.ar\/index.php\/wp-json\/wp\/v2\/posts\/35321"}],"collection":[{"href":"https:\/\/vocesdebaires.com.ar\/index.php\/wp-json\/wp\/v2\/posts"}],"about":[{"href":"https:\/\/vocesdebaires.com.ar\/index.php\/wp-json\/wp\/v2\/types\/post"}],"author":[{"embeddable":true,"href":"https:\/\/vocesdebaires.com.ar\/index.php\/wp-json\/wp\/v2\/users\/3"}],"replies":[{"embeddable":true,"href":"https:\/\/vocesdebaires.com.ar\/index.php\/wp-json\/wp\/v2\/comments?post=35321"}],"version-history":[{"count":1,"href":"https:\/\/vocesdebaires.com.ar\/index.php\/wp-json\/wp\/v2\/posts\/35321\/revisions"}],"predecessor-version":[{"id":35323,"href":"https:\/\/vocesdebaires.com.ar\/index.php\/wp-json\/wp\/v2\/posts\/35321\/revisions\/35323"}],"wp:featuredmedia":[{"embeddable":true,"href":"https:\/\/vocesdebaires.com.ar\/index.php\/wp-json\/wp\/v2\/media\/35322"}],"wp:attachment":[{"href":"https:\/\/vocesdebaires.com.ar\/index.php\/wp-json\/wp\/v2\/media?parent=35321"}],"wp:term":[{"taxonomy":"category","embeddable":true,"href":"https:\/\/vocesdebaires.com.ar\/index.php\/wp-json\/wp\/v2\/categories?post=35321"},{"taxonomy":"post_tag","embeddable":true,"href":"https:\/\/vocesdebaires.com.ar\/index.php\/wp-json\/wp\/v2\/tags?post=35321"}],"curies":[{"name":"wp","href":"https:\/\/api.w.org\/{rel}","templated":true}]}}