{"id":35332,"date":"2021-11-01T00:40:29","date_gmt":"2021-11-01T03:40:29","guid":{"rendered":"https:\/\/vocesdebaires.com.ar\/?p=35332"},"modified":"2021-11-01T00:40:29","modified_gmt":"2021-11-01T03:40:29","slug":"diego-santilli-estuvo-en-rafael-calzada-y-el-barrio-don-orione","status":"publish","type":"post","link":"https:\/\/vocesdebaires.com.ar\/index.php\/2021\/11\/01\/diego-santilli-estuvo-en-rafael-calzada-y-el-barrio-don-orione\/","title":{"rendered":"Diego Santilli estuvo en Rafael Calzada y el barrio Don Orione"},"content":{"rendered":"<p>Santilli estuvo en Rafael Calzada y el barrio Don Orione, en Claypole. All\u00ed, acompa\u00f1ado por los candidatos a diputados provinciales, Martiniano Molina y Florencia Retamoso, la diputada nacional, Camila Crescimbeni, los candidatos a diputados nacionales, Juan Manuel L\u00f3pez y Gerardo Milman y el candidato a concejal de Almirante Brown, Mariano San Pedro, asegur\u00f3 que \u00ablos argentinos y los bonaerenses no aguantan m\u00e1s. Y el 14 de noviembre van a volver a decirle en las urnas a este gobierno que de esta forma no quieren vivir m\u00e1s\u00bb.<\/p>\n<p>El candidato a diputado nacional de Juntos, Diego Santilli, se reuni\u00f3 esta tarde con vecinos en Rafael Calzada y Claypole. M\u00e1s tarde, junto al candidato a concejal de Almirante Brown, Mariano San Pedro, particip\u00f3 de un encuentro con pastores y referentes de merenderos comunitarios. \u00abEl 12 de septiembre se corri\u00f3 el velo. La realidad y la mentira mataron al relato kirchnerista. Los argentinos y los bonaerenses no aguantan m\u00e1s.<\/p>\n<p>Y el 14 de noviembre van a volver a decirle en las urnas a este gobierno que de esta forma no quieren vivir m\u00e1s\u00bb, afirm\u00f3 Santilli en declaraciones a medios locales.\u00bbTenemos que cambiar. No hay un horizonte de salida para los desaf\u00edos que nos deja la pandemia. Tenemos un Estado quebrado. Con impuestos asfixiantes, con empresas que se van del pa\u00eds, con salarios cada vez m\u00e1s bajos, con la inflaci\u00f3n y la pobreza en aumento\u00bb, asegur\u00f3.<\/p>\n<p>Y se pregunt\u00f3: \u00ab\u00bfDe qu\u00e9 Estado nos hablan cuando hacen la campa\u00f1a del S\u00ed? \u00bfCreen que los argentinos somos ingenuos? \u00bfCreen que nos pueden volver a mentir con el plan platita y d\u00e1ndoles a la sociedad d\u00e1divas para que los voten?\u00bb. Para el candidato de Juntos, \u00abes hora de que volvamos a decirles basta. No nos van a mentir. No nos van a atropellar. No nos van a imponer. No nos van a volver a enga\u00f1ar. El 14 de noviembre vamos a votar por una Argentina y una provincia con esperanza, futuro y expectativa de cambio profundo y real\u00bb, concluy\u00f3.<\/p>\n","protected":false},"excerpt":{"rendered":"<p>Santilli estuvo en Rafael Calzada y el barrio Don Orione, en Claypole. All\u00ed, acompa\u00f1ado por los candidatos a diputados provinciales, Martiniano Molina y Florencia Retamoso, la diputada nacional, Camila Crescimbeni, los candidatos a diputados nacionales, Juan Manuel L\u00f3pez y Gerardo Milman y el candidato a concejal de Almirante Brown, Mariano San Pedro, asegur\u00f3 que \u00ablos [&hellip;]<\/p>\n","protected":false},"author":2,"featured_media":35333,"comment_status":"open","ping_status":"open","sticky":false,"template":"","format":"standard","meta":{"_et_pb_use_builder":"","_et_pb_old_content":"","_et_gb_content_width":"","footnotes":""},"categories":[34,13],"tags":[],"class_list":["post-35332","post","type-post","status-publish","format-standard","has-post-thumbnail","hentry","category-politica","category-provincia"],"_links":{"self":[{"href":"https:\/\/vocesdebaires.com.ar\/index.php\/wp-json\/wp\/v2\/posts\/35332"}],"collection":[{"href":"https:\/\/vocesdebaires.com.ar\/index.php\/wp-json\/wp\/v2\/posts"}],"about":[{"href":"https:\/\/vocesdebaires.com.ar\/index.php\/wp-json\/wp\/v2\/types\/post"}],"author":[{"embeddable":true,"href":"https:\/\/vocesdebaires.com.ar\/index.php\/wp-json\/wp\/v2\/users\/2"}],"replies":[{"embeddable":true,"href":"https:\/\/vocesdebaires.com.ar\/index.php\/wp-json\/wp\/v2\/comments?post=35332"}],"version-history":[{"count":1,"href":"https:\/\/vocesdebaires.com.ar\/index.php\/wp-json\/wp\/v2\/posts\/35332\/revisions"}],"predecessor-version":[{"id":35334,"href":"https:\/\/vocesdebaires.com.ar\/index.php\/wp-json\/wp\/v2\/posts\/35332\/revisions\/35334"}],"wp:featuredmedia":[{"embeddable":true,"href":"https:\/\/vocesdebaires.com.ar\/index.php\/wp-json\/wp\/v2\/media\/35333"}],"wp:attachment":[{"href":"https:\/\/vocesdebaires.com.ar\/index.php\/wp-json\/wp\/v2\/media?parent=35332"}],"wp:term":[{"taxonomy":"category","embeddable":true,"href":"https:\/\/vocesdebaires.com.ar\/index.php\/wp-json\/wp\/v2\/categories?post=35332"},{"taxonomy":"post_tag","embeddable":true,"href":"https:\/\/vocesdebaires.com.ar\/index.php\/wp-json\/wp\/v2\/tags?post=35332"}],"curies":[{"name":"wp","href":"https:\/\/api.w.org\/{rel}","templated":true}]}}