{"id":35355,"date":"2021-11-02T00:00:19","date_gmt":"2021-11-02T03:00:19","guid":{"rendered":"https:\/\/vocesdebaires.com.ar\/?p=35355"},"modified":"2021-11-01T22:45:57","modified_gmt":"2021-11-02T01:45:57","slug":"santilli-y-manes-recorrieron-jose-c-paz-y-malvinas-argentinas","status":"publish","type":"post","link":"https:\/\/vocesdebaires.com.ar\/index.php\/2021\/11\/02\/santilli-y-manes-recorrieron-jose-c-paz-y-malvinas-argentinas\/","title":{"rendered":"Santilli y Manes recorrieron Jos\u00e9 C. Paz y Malvinas Argentinas"},"content":{"rendered":"<p>Por cuestiones clim\u00e1ticas tuvieron que suspender la gira por la cuarta secci\u00f3n y recorrieron Jos\u00e9 C. Paz y Malvinas Argentinas. All\u00ed, Santilli resalt\u00f3 la importancia de la elecci\u00f3n \u201cpara poder quitarle la mayor\u00eda en el Senado a la vicepresidenta Cristina Fern\u00e1ndez y consolidar el bloque opositor en Diputados\u201d. Y Manes plante\u00f3 que \u00abtenemos que ir a buscar el voto porque las elecciones no est\u00e1n ganadas\u00bb.<\/p>\n<p>Los candidatos a diputados nacionales de Juntos en la Provincia de Buenos Aires, Diego Santilli y Facundo Manes, estuvieron juntos hoy en la primera secci\u00f3n electoral. Realizaron un encuentro con vecinos y comerciantes en Jos\u00e9 C Paz, y una caminata por la zona c\u00e9ntrica de Malvinas Argentinas. La gira prevista por la cuarta secci\u00f3n la realizar\u00e1n el pr\u00f3ximo viernes, donde tienen previsto visitar Pehuaj\u00f3, 9 de Julio y Jun\u00edn.<\/p>\n<p>El candidato a diputado nacional por Juntos en la provincia de Buenos Aires, Diego Santilli, resalt\u00f3 la importancia de las elecciones legislativas del pr\u00f3ximo 14 de noviembre para \u201cpoder quitarle la mayor\u00eda a la vicepresidenta Cristina Fern\u00e1ndez\u201d y llevar al Congreso Nacional \u201clas propuestas que les importan a los argentinos\u201d. En ese sentido, asegur\u00f3: \u201cNosotros no vamos a votar un solo aumento m\u00e1s de impuestos\u201d. \u201cBuscamos tener mayor\u00eda, poder tener los cinco senadores que nos faltan para quitarle la mayor\u00eda a la vicepresidenta Cristina Fern\u00e1ndez y los diputados para llevar adelante el compromiso que asumimos cara a cara con la sociedad\u201d, asegur\u00f3 Santilli en la recorrida por Jos\u00e9 C. Paz y Malvinas Argentinas.<\/p>\n<p>\u201cSi no, lo que termina pasando es lo que ya sabemos que hace el kirchnerismo: aumenta los impuestos, impone su agenda y plantea temas que est\u00e1n muy alejados de los desaf\u00edos y los problemas estructurales. Entonces, tenemos que empezar a cambiar esta historia y poder poner en el Congreso, que es el lugar donde se discuten las leyes, las propuestas que les importan a los argentinos\u201d, se\u00f1al\u00f3 el candidato a diputado nacional.<\/p>\n<p>En esa l\u00ednea, explic\u00f3: \u00abQue el que mata y roba no entre por una puerta y salga por la otra, y podamos tener sancionado un C\u00f3digo Penal aggiornado a los nuevos delitos y a enfrentar al narcotr\u00e1fico. Que podamos tener una Ley de Empleo Joven para que los j\u00f3venes de entre 18 y 35 a\u00f1os no se quieran ir de la Argentina y se quieran quedar a pelearla ac\u00e1, quit\u00e1ndoles impuestos laborales para que las pymes, las empresas y los comercios los puedan tomar y tengan un futuro mejor aqu\u00ed, en la Argentina, que es donde nacieron\u201d.<br \/>\nPor su parte, Facundo Manes asegur\u00f3 que \u201ctenemos que ir a buscar el voto porque las elecciones no est\u00e1n ganadas.<\/p>\n<p>Y no es un voto para nosotros, es un voto para el nuevo pa\u00eds que so\u00f1amos: una Argentina abierta al mundo, con instituciones fuertes, s\u00f3lidas y transparentes, que son un factor clave para la prosperidad, con inversi\u00f3n y una revoluci\u00f3n educativa, cient\u00edfica y tecnol\u00f3gica que nos acerque a la econom\u00eda del siglo XXI\u201d. \u201cA la Argentina no la cambia ni un diputado, ni un senador, incluso ning\u00fan Presidente. Hay que dejar de lado los personalismos y construir un sue\u00f1o colectivo\u201d, concluy\u00f3 el candidato a diputado nacional de Juntos.<\/p>\n","protected":false},"excerpt":{"rendered":"<p>Por cuestiones clim\u00e1ticas tuvieron que suspender la gira por la cuarta secci\u00f3n y recorrieron Jos\u00e9 C. Paz y Malvinas Argentinas. All\u00ed, Santilli resalt\u00f3 la importancia de la elecci\u00f3n \u201cpara poder quitarle la mayor\u00eda en el Senado a la vicepresidenta Cristina Fern\u00e1ndez y consolidar el bloque opositor en Diputados\u201d. Y Manes plante\u00f3 que \u00abtenemos que ir [&hellip;]<\/p>\n","protected":false},"author":3,"featured_media":35356,"comment_status":"open","ping_status":"open","sticky":false,"template":"","format":"standard","meta":{"_et_pb_use_builder":"","_et_pb_old_content":"","_et_gb_content_width":"","footnotes":""},"categories":[34,13],"tags":[],"class_list":["post-35355","post","type-post","status-publish","format-standard","has-post-thumbnail","hentry","category-politica","category-provincia"],"_links":{"self":[{"href":"https:\/\/vocesdebaires.com.ar\/index.php\/wp-json\/wp\/v2\/posts\/35355"}],"collection":[{"href":"https:\/\/vocesdebaires.com.ar\/index.php\/wp-json\/wp\/v2\/posts"}],"about":[{"href":"https:\/\/vocesdebaires.com.ar\/index.php\/wp-json\/wp\/v2\/types\/post"}],"author":[{"embeddable":true,"href":"https:\/\/vocesdebaires.com.ar\/index.php\/wp-json\/wp\/v2\/users\/3"}],"replies":[{"embeddable":true,"href":"https:\/\/vocesdebaires.com.ar\/index.php\/wp-json\/wp\/v2\/comments?post=35355"}],"version-history":[{"count":1,"href":"https:\/\/vocesdebaires.com.ar\/index.php\/wp-json\/wp\/v2\/posts\/35355\/revisions"}],"predecessor-version":[{"id":35357,"href":"https:\/\/vocesdebaires.com.ar\/index.php\/wp-json\/wp\/v2\/posts\/35355\/revisions\/35357"}],"wp:featuredmedia":[{"embeddable":true,"href":"https:\/\/vocesdebaires.com.ar\/index.php\/wp-json\/wp\/v2\/media\/35356"}],"wp:attachment":[{"href":"https:\/\/vocesdebaires.com.ar\/index.php\/wp-json\/wp\/v2\/media?parent=35355"}],"wp:term":[{"taxonomy":"category","embeddable":true,"href":"https:\/\/vocesdebaires.com.ar\/index.php\/wp-json\/wp\/v2\/categories?post=35355"},{"taxonomy":"post_tag","embeddable":true,"href":"https:\/\/vocesdebaires.com.ar\/index.php\/wp-json\/wp\/v2\/tags?post=35355"}],"curies":[{"name":"wp","href":"https:\/\/api.w.org\/{rel}","templated":true}]}}