{"id":35380,"date":"2021-11-03T00:14:56","date_gmt":"2021-11-03T03:14:56","guid":{"rendered":"https:\/\/vocesdebaires.com.ar\/?p=35380"},"modified":"2021-11-03T00:14:56","modified_gmt":"2021-11-03T03:14:56","slug":"el-candidato-santilli-de-juntoscon-vecinos-y-comerciantes-en-berazategui","status":"publish","type":"post","link":"https:\/\/vocesdebaires.com.ar\/index.php\/2021\/11\/03\/el-candidato-santilli-de-juntoscon-vecinos-y-comerciantes-en-berazategui\/","title":{"rendered":"El candidato Santilli de Juntos,con vecinos y comerciantes en Berazategui"},"content":{"rendered":"<p>El candidato a diputado nacional de Juntos en la Provincia se reuni\u00f3 con vecinos y comerciantes en Berazategui y San Vicente, donde tambi\u00e9n particip\u00f3 de una charla sobre seguridad. \u00abNos convirtieron en el pa\u00eds de la improvisaci\u00f3n, los parches, y la incertidumbre, y todos los d\u00edas vemos las consecuencias. Es dram\u00e1tico lo que estamos viviendo\u00bb, dijo Santilli. Diego , estuvo ayer martes en Berazategui y San Vicente. All\u00ed se encontr\u00f3 con vecinos y comerciantes junto a los candidatos a diputados provinciales Martiniano Molina, Maricel Etchecoin y aspirantes a concejales de cada una de las ciudades.<\/p>\n<p>\u00abEs intolerable la violencia y el delito que hay en las calles, les pido a los bonaerenses que vayan a votar\u00bb, afirm\u00f3 Santilli ante medios locales.\u00bbLo que est\u00e1 pasando en la Provincia es muy grave. Un gobierno que no tiene norte est\u00e1 sometiendo a los argentinos a una tragedia econ\u00f3mica. Nos convirtieron en el pa\u00eds de la improvisaci\u00f3n, los parches, y la incertidumbre, y todos los d\u00edas vemos las consecuencias. Es dram\u00e1tico lo que estamos viviendo\u00bb, asegur\u00f3 el candidato de Juntos. \u00abAumenta la inflaci\u00f3n, aumenta el desempleo y la pobreza. Y el gobierno mira para otro lado.<\/p>\n<p>Nuestro desaf\u00edo es llevar al Congreso una agenda que se enfoque en la seguridad, en mejorar la calidad educativa y en generar las condiciones para que haya trabajo e inversi\u00f3n en la provincia y en la Argentina\u00bb, concluy\u00f3 Santilli. Por la ma\u00f1ana, comparti\u00f3 un caf\u00e9 con vecinos y recorri\u00f3 los centros comerciales de Berazategui y el barrio Pl\u00e1tanos junto a Molina, y los postulantes al Concejo Deliberante local Juli\u00e1n Armendolaggine, Diana Paterno y Dante Gabriel Morini, entre otros.Luego, durante la tarde, Santilli particip\u00f3 de una charla sobre seguridad con vecinos de San Vicente y realiz\u00f3 un encuentro con comerciantes y referentes sociales junto a Maricel Etchecoin, y los candidatos a concejales Marcelo Raimondo y Leandro Ameri.<\/p>\n","protected":false},"excerpt":{"rendered":"<p>El candidato a diputado nacional de Juntos en la Provincia se reuni\u00f3 con vecinos y comerciantes en Berazategui y San Vicente, donde tambi\u00e9n particip\u00f3 de una charla sobre seguridad. \u00abNos convirtieron en el pa\u00eds de la improvisaci\u00f3n, los parches, y la incertidumbre, y todos los d\u00edas vemos las consecuencias. Es dram\u00e1tico lo que estamos viviendo\u00bb, [&hellip;]<\/p>\n","protected":false},"author":2,"featured_media":35381,"comment_status":"open","ping_status":"open","sticky":false,"template":"","format":"standard","meta":{"_et_pb_use_builder":"","_et_pb_old_content":"","_et_gb_content_width":"","footnotes":""},"categories":[34,13],"tags":[],"class_list":["post-35380","post","type-post","status-publish","format-standard","has-post-thumbnail","hentry","category-politica","category-provincia"],"_links":{"self":[{"href":"https:\/\/vocesdebaires.com.ar\/index.php\/wp-json\/wp\/v2\/posts\/35380"}],"collection":[{"href":"https:\/\/vocesdebaires.com.ar\/index.php\/wp-json\/wp\/v2\/posts"}],"about":[{"href":"https:\/\/vocesdebaires.com.ar\/index.php\/wp-json\/wp\/v2\/types\/post"}],"author":[{"embeddable":true,"href":"https:\/\/vocesdebaires.com.ar\/index.php\/wp-json\/wp\/v2\/users\/2"}],"replies":[{"embeddable":true,"href":"https:\/\/vocesdebaires.com.ar\/index.php\/wp-json\/wp\/v2\/comments?post=35380"}],"version-history":[{"count":1,"href":"https:\/\/vocesdebaires.com.ar\/index.php\/wp-json\/wp\/v2\/posts\/35380\/revisions"}],"predecessor-version":[{"id":35382,"href":"https:\/\/vocesdebaires.com.ar\/index.php\/wp-json\/wp\/v2\/posts\/35380\/revisions\/35382"}],"wp:featuredmedia":[{"embeddable":true,"href":"https:\/\/vocesdebaires.com.ar\/index.php\/wp-json\/wp\/v2\/media\/35381"}],"wp:attachment":[{"href":"https:\/\/vocesdebaires.com.ar\/index.php\/wp-json\/wp\/v2\/media?parent=35380"}],"wp:term":[{"taxonomy":"category","embeddable":true,"href":"https:\/\/vocesdebaires.com.ar\/index.php\/wp-json\/wp\/v2\/categories?post=35380"},{"taxonomy":"post_tag","embeddable":true,"href":"https:\/\/vocesdebaires.com.ar\/index.php\/wp-json\/wp\/v2\/tags?post=35380"}],"curies":[{"name":"wp","href":"https:\/\/api.w.org\/{rel}","templated":true}]}}