{"id":35393,"date":"2021-11-04T00:00:39","date_gmt":"2021-11-04T03:00:39","guid":{"rendered":"https:\/\/vocesdebaires.com.ar\/?p=35393"},"modified":"2021-11-03T22:41:05","modified_gmt":"2021-11-04T01:41:05","slug":"diego-santilli-visito-ituzaingo-acompanado-por-patricia-bullrich","status":"publish","type":"post","link":"https:\/\/vocesdebaires.com.ar\/index.php\/2021\/11\/04\/diego-santilli-visito-ituzaingo-acompanado-por-patricia-bullrich\/","title":{"rendered":"Diego Santilli, visit\u00f3 Ituzaing\u00f3 acompa\u00f1ado, por Patricia Bullrich"},"content":{"rendered":"<p>El candidato a diputado nacional por Juntos en la provincia de Buenos Aires, Diego Santilli, visit\u00f3 Ituzaing\u00f3 ayer mi\u00e9rcoles acompa\u00f1ado por la presidenta del PRO, Patricia Bullrich. Despu\u00e9s de recorrer comercios de la zona dialogaron con los vecinos, quienes le manifestaron su preocupaci\u00f3n ante el avance de la inseguridad. En una conferencia de prensa, Santilli habl\u00f3 al respecto: \u201cEn la Provincia los vecinos viven con miedo. Hay que terminar con esto: los delincuentes tienen que estar detenidos y es la sociedad la que tiene que vivir en paz y tranquilidad. No podemos seguir viviendo de esta forma mientras el kirchnerismo mira para otro lado.<\/p>\n<p>Cuando hay un poder pol\u00edtico que defiende a los delincuentes, los que est\u00e1n presos son los ciudadanos\u201d. Santilli se diferenci\u00f3 de las pol\u00edticas de seguridad que ha tomado el Gobierno nacional: \u201cSi est\u00e1s de acuerdo con liberar presos, si aval\u00e1s la puerta giratoria, si crees que tomar tierras est\u00e1 bien, si dej\u00e1s que los narcos avancen en los barrios, queda claro de qu\u00e9 lado est\u00e1 el kirchnerismo. Nos toman el pelo a los argentinos\u201d.<\/p>\n<p>Por su parte, Bullrich se\u00f1al\u00f3: \u201cEl Gobierno y el ministro de Seguridad necesitan hacerse cargo de los problemas de seguridad y violencia institucional que hay en las provincias\u201d. En ese sentido, se dirigi\u00f3 al ministro An\u00edbal Fern\u00e1ndez: \u201cNo se ocupa de la seguridad, es m\u00e1s bien un vocero\u201d. Luego, Santilli llam\u00f3 a ratificar el resultado de las PASO en los comicios generales del 14 de noviembre: \u00abTenemos que consolidar la elecci\u00f3n. Hicimos una muy buena elecci\u00f3n en septiembre, en todo el pa\u00eds. La gente es la que vot\u00f3 un cambio de rumbo, cansada de los atropellos del kirchnerismo y de la falta de gesti\u00f3n\u00bb.<\/p>\n<p>\u00abLos votos son de la gente. La sociedad tom\u00f3 una decisi\u00f3n en las PASO. Hay que consolidarlo, tenemos que ir paso a paso con humildad. Quiero aprovechar para pedirle a cada uno de los bonaerenses que busque al amigo, al vecino, al pariente, al que no fue a votar, para que vaya a votar. Para que tome la decisi\u00f3n de ir a votar por un cambio. Me gustar\u00eda que nos acompa\u00f1e con su voto, pero si no nos acompa\u00f1a con su voto, igual que vaya a votar; es importante que la sociedad se exprese\u00bb, agreg\u00f3. Bullrich se pronunci\u00f3 en la misma l\u00ednea: \u201cEl pa\u00eds va a ser m\u00e1s republicano despu\u00e9s del 14 de noviembre\u201d.<\/p>\n","protected":false},"excerpt":{"rendered":"<p>El candidato a diputado nacional por Juntos en la provincia de Buenos Aires, Diego Santilli, visit\u00f3 Ituzaing\u00f3 ayer mi\u00e9rcoles acompa\u00f1ado por la presidenta del PRO, Patricia Bullrich. Despu\u00e9s de recorrer comercios de la zona dialogaron con los vecinos, quienes le manifestaron su preocupaci\u00f3n ante el avance de la inseguridad. En una conferencia de prensa, Santilli [&hellip;]<\/p>\n","protected":false},"author":3,"featured_media":35394,"comment_status":"open","ping_status":"open","sticky":false,"template":"","format":"standard","meta":{"_et_pb_use_builder":"","_et_pb_old_content":"","_et_gb_content_width":"","footnotes":""},"categories":[34,13],"tags":[],"class_list":["post-35393","post","type-post","status-publish","format-standard","has-post-thumbnail","hentry","category-politica","category-provincia"],"_links":{"self":[{"href":"https:\/\/vocesdebaires.com.ar\/index.php\/wp-json\/wp\/v2\/posts\/35393"}],"collection":[{"href":"https:\/\/vocesdebaires.com.ar\/index.php\/wp-json\/wp\/v2\/posts"}],"about":[{"href":"https:\/\/vocesdebaires.com.ar\/index.php\/wp-json\/wp\/v2\/types\/post"}],"author":[{"embeddable":true,"href":"https:\/\/vocesdebaires.com.ar\/index.php\/wp-json\/wp\/v2\/users\/3"}],"replies":[{"embeddable":true,"href":"https:\/\/vocesdebaires.com.ar\/index.php\/wp-json\/wp\/v2\/comments?post=35393"}],"version-history":[{"count":1,"href":"https:\/\/vocesdebaires.com.ar\/index.php\/wp-json\/wp\/v2\/posts\/35393\/revisions"}],"predecessor-version":[{"id":35395,"href":"https:\/\/vocesdebaires.com.ar\/index.php\/wp-json\/wp\/v2\/posts\/35393\/revisions\/35395"}],"wp:featuredmedia":[{"embeddable":true,"href":"https:\/\/vocesdebaires.com.ar\/index.php\/wp-json\/wp\/v2\/media\/35394"}],"wp:attachment":[{"href":"https:\/\/vocesdebaires.com.ar\/index.php\/wp-json\/wp\/v2\/media?parent=35393"}],"wp:term":[{"taxonomy":"category","embeddable":true,"href":"https:\/\/vocesdebaires.com.ar\/index.php\/wp-json\/wp\/v2\/categories?post=35393"},{"taxonomy":"post_tag","embeddable":true,"href":"https:\/\/vocesdebaires.com.ar\/index.php\/wp-json\/wp\/v2\/tags?post=35393"}],"curies":[{"name":"wp","href":"https:\/\/api.w.org\/{rel}","templated":true}]}}