{"id":35418,"date":"2021-11-05T00:00:59","date_gmt":"2021-11-05T03:00:59","guid":{"rendered":"https:\/\/vocesdebaires.com.ar\/?p=35418"},"modified":"2021-11-04T23:53:37","modified_gmt":"2021-11-05T02:53:37","slug":"santilli-y-manesla-argentina-de-hoy-esta-expulsando-a-los-jovenes","status":"publish","type":"post","link":"https:\/\/vocesdebaires.com.ar\/index.php\/2021\/11\/05\/santilli-y-manesla-argentina-de-hoy-esta-expulsando-a-los-jovenes\/","title":{"rendered":"Santilli y Manes:\u00bbLa Argentina de hoy est\u00e1 expulsando a los j\u00f3venes\u00bb"},"content":{"rendered":"<p>Los candidatos a diputado nacional por Juntos, Diego Santilli, Facundo Manes y Graciela Oca\u00f1a, convocaron ayer ante cientos de j\u00f3venes a \u201cno renunciar a la Argentina\u201d, en el marco de un encuentro que mantuvieron en Lan\u00fas.\u00bbAc\u00e1 venimos a luchar con el Colo (Santilli), con Graciela (Oca\u00f1a) por m\u00e1s nutrici\u00f3n infantil, educaci\u00f3n, salud, esperanza, prosperidad y futuro. Esta es la lucha de nuestras vidas y vamos a estar a la altura. Ustedes, j\u00f3venes, lideren. Y nosotros, los vamos acompa\u00f1ar. No renunciemos a la Argentina\u00bb, sostuvo Manes.Santilli, en tanto, le pidi\u00f3 a los j\u00f3venes \u201ccon esa rebeld\u00eda que planteaban Graciela y Facundo, esa rebeld\u00eda de la edad, esa rebeld\u00eda sana, que los lleve a ustedes plantear, discutir, observar, mirar, moverse, expresarse y, que vayan a fondo porque el tiempo es hoy, el tiempo de ustedes es hoy\u201d.<\/p>\n<p>\u00abQueremos que los j\u00f3venes se queden en la Argentina y desplieguen todo su talento. El 14 de noviembre no dejemos que nos roben el derecho a la educaci\u00f3n, que nos roben el derecho al trabajo, que nos roben el derecho a vivir libres y seguros\u00bb, afirm\u00f3 Santilli en el encuentro con m\u00e1s de 500 j\u00f3venes que estuvieron en el Polideportivo Malvinas Argentinas. \u00abSon ahora ustedes los que pueden liderar este proceso de cambio. Ese cambio que necesitamos para construir la Provincia y el pa\u00eds que queremos\u201d, reclam\u00f3 el candidato de Juntos. Y concluy\u00f3 que \u201choy es el tiempo de los j\u00f3venes y el 14 de noviembre vamos a estar luchando por m\u00e1s educaci\u00f3n, trabajo y seguridad\u201d.<\/p>\n","protected":false},"excerpt":{"rendered":"<p>Los candidatos a diputado nacional por Juntos, Diego Santilli, Facundo Manes y Graciela Oca\u00f1a, convocaron ayer ante cientos de j\u00f3venes a \u201cno renunciar a la Argentina\u201d, en el marco de un encuentro que mantuvieron en Lan\u00fas.\u00bbAc\u00e1 venimos a luchar con el Colo (Santilli), con Graciela (Oca\u00f1a) por m\u00e1s nutrici\u00f3n infantil, educaci\u00f3n, salud, esperanza, prosperidad y [&hellip;]<\/p>\n","protected":false},"author":3,"featured_media":35419,"comment_status":"open","ping_status":"open","sticky":false,"template":"","format":"standard","meta":{"_et_pb_use_builder":"","_et_pb_old_content":"","_et_gb_content_width":"","footnotes":""},"categories":[34,13],"tags":[],"class_list":["post-35418","post","type-post","status-publish","format-standard","has-post-thumbnail","hentry","category-politica","category-provincia"],"_links":{"self":[{"href":"https:\/\/vocesdebaires.com.ar\/index.php\/wp-json\/wp\/v2\/posts\/35418"}],"collection":[{"href":"https:\/\/vocesdebaires.com.ar\/index.php\/wp-json\/wp\/v2\/posts"}],"about":[{"href":"https:\/\/vocesdebaires.com.ar\/index.php\/wp-json\/wp\/v2\/types\/post"}],"author":[{"embeddable":true,"href":"https:\/\/vocesdebaires.com.ar\/index.php\/wp-json\/wp\/v2\/users\/3"}],"replies":[{"embeddable":true,"href":"https:\/\/vocesdebaires.com.ar\/index.php\/wp-json\/wp\/v2\/comments?post=35418"}],"version-history":[{"count":1,"href":"https:\/\/vocesdebaires.com.ar\/index.php\/wp-json\/wp\/v2\/posts\/35418\/revisions"}],"predecessor-version":[{"id":35420,"href":"https:\/\/vocesdebaires.com.ar\/index.php\/wp-json\/wp\/v2\/posts\/35418\/revisions\/35420"}],"wp:featuredmedia":[{"embeddable":true,"href":"https:\/\/vocesdebaires.com.ar\/index.php\/wp-json\/wp\/v2\/media\/35419"}],"wp:attachment":[{"href":"https:\/\/vocesdebaires.com.ar\/index.php\/wp-json\/wp\/v2\/media?parent=35418"}],"wp:term":[{"taxonomy":"category","embeddable":true,"href":"https:\/\/vocesdebaires.com.ar\/index.php\/wp-json\/wp\/v2\/categories?post=35418"},{"taxonomy":"post_tag","embeddable":true,"href":"https:\/\/vocesdebaires.com.ar\/index.php\/wp-json\/wp\/v2\/tags?post=35418"}],"curies":[{"name":"wp","href":"https:\/\/api.w.org\/{rel}","templated":true}]}}