{"id":35437,"date":"2021-11-08T00:00:43","date_gmt":"2021-11-08T03:00:43","guid":{"rendered":"https:\/\/vocesdebaires.com.ar\/?p=35437"},"modified":"2021-11-07T21:49:52","modified_gmt":"2021-11-08T00:49:52","slug":"la-justicia-ratifico-la-clausura-del-zoologico-de-lujan","status":"publish","type":"post","link":"https:\/\/vocesdebaires.com.ar\/index.php\/2021\/11\/08\/la-justicia-ratifico-la-clausura-del-zoologico-de-lujan\/","title":{"rendered":"La Justicia ratific\u00f3 la clausura del zool\u00f3gico de Luj\u00e1n"},"content":{"rendered":"<p>La resoluci\u00f3n de la Justicia nacional avala la postura que el Ministerio de Ambiente y Desarrollo Sostenible, adopt\u00f3 de clausurar de manera preventiva total del establecimiento, concretada en septiembre de 2020.\u201cEl cierre preventivo dispuesto no surge como arbitrario o ileg\u00edtimo en la medida que es derivaci\u00f3n de los hechos constatados y resulta razonable en orden a los principios de prevenci\u00f3n y de precauci\u00f3n que rigen en la materia, teniendo en cuenta, en el caso, los efectos negativos que podr\u00edan darse sobre la preservaci\u00f3n de la fauna del Zool\u00f3gico y el peligro que ello podr\u00eda acarrear\u201d, se\u00f1ala la sentencia de la C\u00e1mara Federal de San Mart\u00edn.<\/p>\n<p>En tanto, las autoridades del zool\u00f3gico presentaron una propuesta del plan de reconversi\u00f3n, la cartera de Ambiente lleva adelante el an\u00e1lisis correspondiente, para poder proceder en consecuencia en la reconversi\u00f3n del zool\u00f3gico. Asimismo, el establecimiento posee en tr\u00e1mite la inscripci\u00f3n ante el Registro Nacional de Operadores de Fauna Silvestre de la Direcci\u00f3n Nacional de Biodiversidad del Ministerio de Ambiente conforme a la Resoluci\u00f3n 231\/19. Vale recordar que la cartera ambiental nacional clausur\u00f3 el Zool\u00f3gico de Luj\u00e1n a mediados de septiembre de 2020, habida cuenta de las sostenidas irregularidades identificadas en el predio en materia de la normativa vigente sobre conservaci\u00f3n de fauna.<\/p>\n","protected":false},"excerpt":{"rendered":"<p>La resoluci\u00f3n de la Justicia nacional avala la postura que el Ministerio de Ambiente y Desarrollo Sostenible, adopt\u00f3 de clausurar de manera preventiva total del establecimiento, concretada en septiembre de 2020.\u201cEl cierre preventivo dispuesto no surge como arbitrario o ileg\u00edtimo en la medida que es derivaci\u00f3n de los hechos constatados y resulta razonable en orden [&hellip;]<\/p>\n","protected":false},"author":2,"featured_media":35438,"comment_status":"open","ping_status":"open","sticky":false,"template":"","format":"standard","meta":{"_et_pb_use_builder":"","_et_pb_old_content":"","_et_gb_content_width":"","footnotes":""},"categories":[34,13],"tags":[],"class_list":["post-35437","post","type-post","status-publish","format-standard","has-post-thumbnail","hentry","category-politica","category-provincia"],"_links":{"self":[{"href":"https:\/\/vocesdebaires.com.ar\/index.php\/wp-json\/wp\/v2\/posts\/35437"}],"collection":[{"href":"https:\/\/vocesdebaires.com.ar\/index.php\/wp-json\/wp\/v2\/posts"}],"about":[{"href":"https:\/\/vocesdebaires.com.ar\/index.php\/wp-json\/wp\/v2\/types\/post"}],"author":[{"embeddable":true,"href":"https:\/\/vocesdebaires.com.ar\/index.php\/wp-json\/wp\/v2\/users\/2"}],"replies":[{"embeddable":true,"href":"https:\/\/vocesdebaires.com.ar\/index.php\/wp-json\/wp\/v2\/comments?post=35437"}],"version-history":[{"count":1,"href":"https:\/\/vocesdebaires.com.ar\/index.php\/wp-json\/wp\/v2\/posts\/35437\/revisions"}],"predecessor-version":[{"id":35439,"href":"https:\/\/vocesdebaires.com.ar\/index.php\/wp-json\/wp\/v2\/posts\/35437\/revisions\/35439"}],"wp:featuredmedia":[{"embeddable":true,"href":"https:\/\/vocesdebaires.com.ar\/index.php\/wp-json\/wp\/v2\/media\/35438"}],"wp:attachment":[{"href":"https:\/\/vocesdebaires.com.ar\/index.php\/wp-json\/wp\/v2\/media?parent=35437"}],"wp:term":[{"taxonomy":"category","embeddable":true,"href":"https:\/\/vocesdebaires.com.ar\/index.php\/wp-json\/wp\/v2\/categories?post=35437"},{"taxonomy":"post_tag","embeddable":true,"href":"https:\/\/vocesdebaires.com.ar\/index.php\/wp-json\/wp\/v2\/tags?post=35437"}],"curies":[{"name":"wp","href":"https:\/\/api.w.org\/{rel}","templated":true}]}}