{"id":35457,"date":"2021-11-08T00:00:31","date_gmt":"2021-11-08T03:00:31","guid":{"rendered":"https:\/\/vocesdebaires.com.ar\/?p=35457"},"modified":"2021-11-07T22:23:14","modified_gmt":"2021-11-08T01:23:14","slug":"trafico-ilegal-de-fauna-ambiente-decomiso-cardenales-amarillos","status":"publish","type":"post","link":"https:\/\/vocesdebaires.com.ar\/index.php\/2021\/11\/08\/trafico-ilegal-de-fauna-ambiente-decomiso-cardenales-amarillos\/","title":{"rendered":"Tr\u00e1fico ilegal de fauna: Ambiente decomis\u00f3 cardenales amarillos"},"content":{"rendered":"<p>El Ministerio de Ambiente y Desarrollo Sostenible nacional, mediante su Brigada de Control Ambiental (BCA), realiz\u00f3 un operativo en la localidad de Federaci\u00f3n, provincia de Entre R\u00edos, para fiscalizar un domicilio particular, del que se secuestraron aves aut\u00f3ctonas. La acci\u00f3n se concret\u00f3 luego de que el organismo haya recibido una denuncia por tenencia ilegal de cardenales amarillos (Gubernatrix cristata). Los agentes de la Direcci\u00f3n de Inspecciones de la cartera de Ambiente nacional procedieron al decomiso de los animales, por no contar con la documentaci\u00f3n que acreditara el origen y la leg\u00edtima tenencia de los ejemplares.<\/p>\n<p>En total, se decomisaron nueve cardenales amarillos, dos cardenales de copete rojo, dos reinamora, un pepitero, un rey del bosque y un jilguero.Los inspectores hallaron que algunos de los cardenales amarillos se encontraban dispuestos en \u00abperreras\u00bb, peque\u00f1as cajas de madera que se utilizan para transportar animales de manera oculta debajo de asientos de los veh\u00edculos. En el lugar tambi\u00e9n se decomisaron un total de 31 jaulas, entre las que hab\u00eda tramperas, perreras y voladoras.<\/p>\n<p>El Ministerio de Ambiente concret\u00f3 la inspecci\u00f3n en conjunto con agentes de la Gendarmer\u00eda Nacional Argentina, de la Secci\u00f3n Chajar\u00ed, y del grupo de polic\u00eda cient\u00edfica (Criefor) del Escuadr\u00f3n 4\u00b0 de Concordia. La Fundaci\u00f3n Tekove Mymba colabor\u00f3 con el traslado de los animales a la localidad entrerriana de Col\u00f3n, donde se trabajar\u00e1 en su centro de rescate para la rehabilitaci\u00f3n de los ejemplares. Los mismos, una vez que obtengan el alta veterinaria y comportamental, ser\u00e1n liberados en la provincia, ya que es su zona de distribuci\u00f3n natural. Se destaca que Entre R\u00edos, no solo es una de las provincias adheridas a la Ley 22421 de Conservaci\u00f3n de la Fauna, sino que tambi\u00e9n declar\u00f3 al cardenal amarillo como monumento natural provincial.<\/p>\n","protected":false},"excerpt":{"rendered":"<p>El Ministerio de Ambiente y Desarrollo Sostenible nacional, mediante su Brigada de Control Ambiental (BCA), realiz\u00f3 un operativo en la localidad de Federaci\u00f3n, provincia de Entre R\u00edos, para fiscalizar un domicilio particular, del que se secuestraron aves aut\u00f3ctonas. La acci\u00f3n se concret\u00f3 luego de que el organismo haya recibido una denuncia por tenencia ilegal de [&hellip;]<\/p>\n","protected":false},"author":3,"featured_media":35458,"comment_status":"open","ping_status":"open","sticky":false,"template":"","format":"standard","meta":{"_et_pb_use_builder":"","_et_pb_old_content":"","_et_gb_content_width":"","footnotes":""},"categories":[34,13],"tags":[],"class_list":["post-35457","post","type-post","status-publish","format-standard","has-post-thumbnail","hentry","category-politica","category-provincia"],"_links":{"self":[{"href":"https:\/\/vocesdebaires.com.ar\/index.php\/wp-json\/wp\/v2\/posts\/35457"}],"collection":[{"href":"https:\/\/vocesdebaires.com.ar\/index.php\/wp-json\/wp\/v2\/posts"}],"about":[{"href":"https:\/\/vocesdebaires.com.ar\/index.php\/wp-json\/wp\/v2\/types\/post"}],"author":[{"embeddable":true,"href":"https:\/\/vocesdebaires.com.ar\/index.php\/wp-json\/wp\/v2\/users\/3"}],"replies":[{"embeddable":true,"href":"https:\/\/vocesdebaires.com.ar\/index.php\/wp-json\/wp\/v2\/comments?post=35457"}],"version-history":[{"count":1,"href":"https:\/\/vocesdebaires.com.ar\/index.php\/wp-json\/wp\/v2\/posts\/35457\/revisions"}],"predecessor-version":[{"id":35459,"href":"https:\/\/vocesdebaires.com.ar\/index.php\/wp-json\/wp\/v2\/posts\/35457\/revisions\/35459"}],"wp:featuredmedia":[{"embeddable":true,"href":"https:\/\/vocesdebaires.com.ar\/index.php\/wp-json\/wp\/v2\/media\/35458"}],"wp:attachment":[{"href":"https:\/\/vocesdebaires.com.ar\/index.php\/wp-json\/wp\/v2\/media?parent=35457"}],"wp:term":[{"taxonomy":"category","embeddable":true,"href":"https:\/\/vocesdebaires.com.ar\/index.php\/wp-json\/wp\/v2\/categories?post=35457"},{"taxonomy":"post_tag","embeddable":true,"href":"https:\/\/vocesdebaires.com.ar\/index.php\/wp-json\/wp\/v2\/tags?post=35457"}],"curies":[{"name":"wp","href":"https:\/\/api.w.org\/{rel}","templated":true}]}}