{"id":35481,"date":"2021-11-09T00:48:47","date_gmt":"2021-11-09T03:48:47","guid":{"rendered":"https:\/\/vocesdebaires.com.ar\/?p=35481"},"modified":"2021-11-09T00:48:47","modified_gmt":"2021-11-09T03:48:47","slug":"santillimacri-ylombardicon-vecinos-y-comerciantes-de-tres-ciudades","status":"publish","type":"post","link":"https:\/\/vocesdebaires.com.ar\/index.php\/2021\/11\/09\/santillimacri-ylombardicon-vecinos-y-comerciantes-de-tres-ciudades\/","title":{"rendered":"Santilli,Macri yLombardi,con vecinos y comerciantes de tres ciudades"},"content":{"rendered":"<p>El 1\u00b0 candidato a diputado nacional de Juntos por la Provincia Diego Santilli estuvo ayer lunes en Miramar, Balcarce y Tandil. El \u201cColo\u201d comparti\u00f3 la recorrida con el expresidente Mauricio Macri y con su compa\u00f1ero de lista Hern\u00e1n Lombardi; y sum\u00f3 presencia de candidatos locales en cada ciudad donde adem\u00e1s particip\u00f3 de reuniones de vecinos, comerciantes y referentes sociales.<br \/>\nEn Miramar por la ma\u00f1ana se llev\u00f3 a cabo un encuentro con voluntarios junto a los candidatos a concejales Joaqu\u00edn S\u00e1nchez Charro y Mar\u00eda Alcira Ardouin. Al mediod\u00eda participaron de un almuerzo en una parrilla tradicional de Balcarce junto al aspirante al Concejo Delirante Local Mariano Mare.<\/p>\n<p>Por la tarde, Santilli arrib\u00f3 a la ciudad natal de Mauricio Macri (Tandil) para compartir una reuni\u00f3n con vecinos y comerciantes de la que adem\u00e1s de Lombardi particip\u00f3 Juan Manazzoni, quien busca ocupar una banca en el parlamento local. Durante la recorrida, Diego Santilli se refiri\u00f3 a la ola de violencia que se registra en la Provincia y afirm\u00f3: \u00abLa inseguridad es algo que golpea nuestra libertad, no nos permite ser libres. Hay que abordarla con decisi\u00f3n pol\u00edtica que es lo que no tiene el gobierno y con planificaci\u00f3n. Hay que ir a fondo en la lucha contra la delincuencia, los narcos y las mafias. No se puede especular como hace el kirchnerismo\u00bb.<\/p>\n<p>\u201cEste es un gobierno que est\u00e1 m\u00e1s del lado de los delincuentes que de los trabajadores. Lo que sucedi\u00f3 en Ramos Mej\u00eda no es un hecho casual, hace meses que vemos como aumentan los hechos de inseguridad en la provincia de Buenos Aires. Es un gobierno que no respalda el accionar de la polic\u00eda, que avala la toma de tierras y la liberaci\u00f3n de presos, que deja que los narcos avancen en los barrios. La gente vive con miedo y el gobierno mira para otro lado\u201d, agreg\u00f3.<\/p>\n<p>\u201cLo primero que queremos pedirle a los bonaerenses es que vayan a votar este pr\u00f3ximo domingo. Es importante que todos vayan a votar, que se expresen, y que juntos empecemos a cambiar la historia. Yo quiero pedirles que este 14 de noviembre vayan a votar y podamos cambiar el rumbo, empezar un camino distinto, que apueste al trabajo, a la educaci\u00f3n de calidad, a impulsar la producci\u00f3n y el desarrollo de la provincia y el pa\u00eds\u201d, complet\u00f3.<\/p>\n<p>El expresidente Macri estuvo con Santilli durante toda la jornada y dej\u00f3 su postura respecto a los comicios del pr\u00f3ximo domingo: \u201cMi prioridad fue que Juntos por el Cambio se mantenga unido y hemos logrado estar todos comprometidos en eso. Ahora en la segunda etapa es fortalecer todos los liderazgos, y que la gente elija pero con claridad y para qu\u00e9 queremos llegar al poder\u201d.<br \/>\n\u201cNosotros no vamos al poder en funci\u00f3n de lograr impunidad, vamos al poder para transformar porque lo que tenemos no alcanza. Tenemos a m\u00e1s de la mitad de los argentinos en la pobreza, o sea tenemos que ir con una actitud de transformaci\u00f3n\u201d, sum\u00f3.<\/p>\n<p>\u201cJuntos por el Cambio ya es una expresi\u00f3n de una unidad nacional. Tenemos canosos y colorados, tenemos radicales, peronistas republicanos representados por Pichetto, tenemos a la Coalici\u00f3n C\u00edvica, tenemos partidos provinciales, de todo tenemos\u201d, afirm\u00f3. \u201cNo manoseemos algo que es muy importante: restablecer la confianza en la Argentina es la clave de nuestro futuro, y si nos sentamos a sacarnos fotos, hacemos conferencia de prensa vac\u00edas de contenido, destruimos el espacio de confianza que tenemos la responsabilidad de recrear\u201d, finaliz\u00f3.<\/p>\n","protected":false},"excerpt":{"rendered":"<p>El 1\u00b0 candidato a diputado nacional de Juntos por la Provincia Diego Santilli estuvo ayer lunes en Miramar, Balcarce y Tandil. El \u201cColo\u201d comparti\u00f3 la recorrida con el expresidente Mauricio Macri y con su compa\u00f1ero de lista Hern\u00e1n Lombardi; y sum\u00f3 presencia de candidatos locales en cada ciudad donde adem\u00e1s particip\u00f3 de reuniones de vecinos, [&hellip;]<\/p>\n","protected":false},"author":2,"featured_media":35482,"comment_status":"open","ping_status":"open","sticky":false,"template":"","format":"standard","meta":{"_et_pb_use_builder":"","_et_pb_old_content":"","_et_gb_content_width":"","footnotes":""},"categories":[34,13],"tags":[],"class_list":["post-35481","post","type-post","status-publish","format-standard","has-post-thumbnail","hentry","category-politica","category-provincia"],"_links":{"self":[{"href":"https:\/\/vocesdebaires.com.ar\/index.php\/wp-json\/wp\/v2\/posts\/35481"}],"collection":[{"href":"https:\/\/vocesdebaires.com.ar\/index.php\/wp-json\/wp\/v2\/posts"}],"about":[{"href":"https:\/\/vocesdebaires.com.ar\/index.php\/wp-json\/wp\/v2\/types\/post"}],"author":[{"embeddable":true,"href":"https:\/\/vocesdebaires.com.ar\/index.php\/wp-json\/wp\/v2\/users\/2"}],"replies":[{"embeddable":true,"href":"https:\/\/vocesdebaires.com.ar\/index.php\/wp-json\/wp\/v2\/comments?post=35481"}],"version-history":[{"count":1,"href":"https:\/\/vocesdebaires.com.ar\/index.php\/wp-json\/wp\/v2\/posts\/35481\/revisions"}],"predecessor-version":[{"id":35483,"href":"https:\/\/vocesdebaires.com.ar\/index.php\/wp-json\/wp\/v2\/posts\/35481\/revisions\/35483"}],"wp:featuredmedia":[{"embeddable":true,"href":"https:\/\/vocesdebaires.com.ar\/index.php\/wp-json\/wp\/v2\/media\/35482"}],"wp:attachment":[{"href":"https:\/\/vocesdebaires.com.ar\/index.php\/wp-json\/wp\/v2\/media?parent=35481"}],"wp:term":[{"taxonomy":"category","embeddable":true,"href":"https:\/\/vocesdebaires.com.ar\/index.php\/wp-json\/wp\/v2\/categories?post=35481"},{"taxonomy":"post_tag","embeddable":true,"href":"https:\/\/vocesdebaires.com.ar\/index.php\/wp-json\/wp\/v2\/tags?post=35481"}],"curies":[{"name":"wp","href":"https:\/\/api.w.org\/{rel}","templated":true}]}}