{"id":35530,"date":"2021-11-12T00:00:48","date_gmt":"2021-11-12T03:00:48","guid":{"rendered":"https:\/\/vocesdebaires.com.ar\/?p=35530"},"modified":"2021-11-11T23:49:47","modified_gmt":"2021-11-12T02:49:47","slug":"cierre-de-campanasantilli-venimos-para-cambiar-la-historia","status":"publish","type":"post","link":"https:\/\/vocesdebaires.com.ar\/index.php\/2021\/11\/12\/cierre-de-campanasantilli-venimos-para-cambiar-la-historia\/","title":{"rendered":"Cierre de campa\u00f1a:Santilli \u201cVenimos para cambiar la historia\u201d"},"content":{"rendered":"<p>Los candidatos de Juntos en la Provincia de Buenos Aires, Diego Santilli y Facundo Manes, realizaron ayer el cierre de campa\u00f1a en La Plata y luego viajaron a Mar del Plata, donde se reunieron con vecinos y comerciantes y participaron de una caminata. Ante m\u00e1s de 3000 militantes, voluntarios y vecinos de la ciudad de La Plata, Diego Santilli, Facundo Manes y Graciela Oca\u00f1a cerraron la campa\u00f1a de Juntos en el Club Atenas. Presentados por el intendente Julio Garro, los candidatos de Juntos plantearon sus propuestas y destacaron la importancia de ir a votar este pr\u00f3ximo domingo y lo que est\u00e1 en juego en esta elecci\u00f3n legislativa en la provincia de Buenos Aires.<\/p>\n<p>\u00abEste domingo, si nos das tu voto, vamos a ir a discutir al Congreso c\u00f3mo hacemos para que nuestros chicos crezcan, se eduquen, tengan igualdad de condiciones, equipamiento, infraestructura y la conectividad adecuada para poder estudiar y crecer en todas las escuelas de nuestro pa\u00eds\u00bb, afirm\u00f3 Diego Santilli, que fue el encargado de cerrar el acto en La Plata.<br \/>\nTambi\u00e9n el primer candidato a diputado habl\u00f3 de la econom\u00eda de los bonaerenses.<\/p>\n<p>\u00abVamos a ir al Congreso, si nos das tu voto, para defender que no te aumenten un s\u00f3lo impuesto m\u00e1s, y que no inventen ning\u00fan otro impuesto para que las Pymes, los comerciantes, los productores y el campo puedan crecer, puedan desarrollarse, invertir y puedan salir adelante\u00bb, asever\u00f3. \u00abSi nos das tu voto, vamos a ir a votar el C\u00f3digo Penal, para terminar con los delincuentes, para terminar con la puerta giratoria y con los beneficios que hacen que no cumpla la condena aquellos delincuentes, violadores, asesinos que se van antes de la c\u00e1rcel\u00bb, declar\u00f3 respecto las ideas que piensa llevar al Congreso para acabar con la inseguridad.<\/p>\n<p>\u00abEste domingo 14 de noviembre, vamos por una provincia mejor, por un una Argentina fuerte, y juntos vamos a cambiar la historia\u00bb, areng\u00f3. Por su parte, Manes indic\u00f3: \u00abQuiero decirles a los bonaerenses que el domingo, esta boleta, no es un papelito. El domingo, este papelito es la esperanza de un joven que no se quiere ir del pa\u00eds. El domingo, este papelito es de una maestra que a\u00fan trabajando todo el d\u00eda vive en la pobreza. El papelito, el domingo, es de un anciano que antes de morirse quiere ver encaminada a la Argentina hacia el futuro\u00bb.<\/p>\n<p>\u00abEste papelito, el domingo, es del m\u00e9dico, de la enfermera y del camillero que dio todo en la pandemia. Este papelito, es el polic\u00eda honesto. Esto no es un papelito para nosotros, este es el alma de un argentino que quiere reconstruir entre todos nuestro pa\u00eds\u00bb, prosigui\u00f3. Al tiempo que a\u00f1adi\u00f3: \u00abquiero decirles que nuestro himno nacional en una gran estrofa dice: &#8216;al gran pueblo salud&#8217;. Y hoy, todos ac\u00e1 decimos: al gran pueblo salud, al gran pueblo argentino educaci\u00f3n, al gran pueblo argentino seguridad, al gran pueblo argentino progreso, al gran pueblo argentino prosperidad. Vamos a ganar el domingo por una nueva Argentina\u00bb.<\/p>\n<p>Por \u00faltimo, Graciela Oca\u00f1a destac\u00f3: \u00abEmpecemos a construir la mayor\u00eda necesaria con los 120 diputados que puedan derogar este r\u00e9gimen jubilatorio de privilegio que permite estas injusticias y que nos permitan nuevamente que los jubilados ajusten sus jubilaciones por el costo de vida que es lo \u00fanico que les garantiza poder vivir m\u00e1s o menos decentemente\u00bb. \u00abTenemos que lograrlo y para eso el domingo tenemos que ir a votar, tenemos que controlar la elecci\u00f3n, tenemos que empezar a trabajar para empezar a construir desde el lunes pr\u00f3ximo la Argentina y la provincia que nos merecemos\u00bb, concluy\u00f3 la candidata de Juntos.<\/p>\n<p>Estuvieron presentes tambi\u00e9n los candidatos a diputados nacionales Marcela Campagnoli, Juan Manuel L\u00f3pez, Danya Tavela, Gerardo Milman, Mar\u00eda Sotolano, Emilio Monz\u00f3, Gabriela Besana, Hern\u00e1n Lombardi, Margarita Stolbizer y Alejandro Finocchiaro, entre otros. Tambi\u00e9n participaron los intendentes Julio Garro, N\u00e9stor Grindetti, Ezequiel Galli, Diego Valenzuela, Manuel Passaglia, Jorge Macri, Guillermo Montenegro y Pablo Petrecca. De las autoridades de Juntos PBA, dijeron presente Joaqu\u00edn de la Torre, Maximiliano Abad, Andr\u00e9s De Leo y Cristian Ritondo.<\/p>\n","protected":false},"excerpt":{"rendered":"<p>Los candidatos de Juntos en la Provincia de Buenos Aires, Diego Santilli y Facundo Manes, realizaron ayer el cierre de campa\u00f1a en La Plata y luego viajaron a Mar del Plata, donde se reunieron con vecinos y comerciantes y participaron de una caminata. Ante m\u00e1s de 3000 militantes, voluntarios y vecinos de la ciudad de [&hellip;]<\/p>\n","protected":false},"author":3,"featured_media":35531,"comment_status":"open","ping_status":"open","sticky":false,"template":"","format":"standard","meta":{"_et_pb_use_builder":"","_et_pb_old_content":"","_et_gb_content_width":"","footnotes":""},"categories":[34,13],"tags":[],"class_list":["post-35530","post","type-post","status-publish","format-standard","has-post-thumbnail","hentry","category-politica","category-provincia"],"_links":{"self":[{"href":"https:\/\/vocesdebaires.com.ar\/index.php\/wp-json\/wp\/v2\/posts\/35530"}],"collection":[{"href":"https:\/\/vocesdebaires.com.ar\/index.php\/wp-json\/wp\/v2\/posts"}],"about":[{"href":"https:\/\/vocesdebaires.com.ar\/index.php\/wp-json\/wp\/v2\/types\/post"}],"author":[{"embeddable":true,"href":"https:\/\/vocesdebaires.com.ar\/index.php\/wp-json\/wp\/v2\/users\/3"}],"replies":[{"embeddable":true,"href":"https:\/\/vocesdebaires.com.ar\/index.php\/wp-json\/wp\/v2\/comments?post=35530"}],"version-history":[{"count":1,"href":"https:\/\/vocesdebaires.com.ar\/index.php\/wp-json\/wp\/v2\/posts\/35530\/revisions"}],"predecessor-version":[{"id":35532,"href":"https:\/\/vocesdebaires.com.ar\/index.php\/wp-json\/wp\/v2\/posts\/35530\/revisions\/35532"}],"wp:featuredmedia":[{"embeddable":true,"href":"https:\/\/vocesdebaires.com.ar\/index.php\/wp-json\/wp\/v2\/media\/35531"}],"wp:attachment":[{"href":"https:\/\/vocesdebaires.com.ar\/index.php\/wp-json\/wp\/v2\/media?parent=35530"}],"wp:term":[{"taxonomy":"category","embeddable":true,"href":"https:\/\/vocesdebaires.com.ar\/index.php\/wp-json\/wp\/v2\/categories?post=35530"},{"taxonomy":"post_tag","embeddable":true,"href":"https:\/\/vocesdebaires.com.ar\/index.php\/wp-json\/wp\/v2\/tags?post=35530"}],"curies":[{"name":"wp","href":"https:\/\/api.w.org\/{rel}","templated":true}]}}